{"id":6868,"date":"2022-04-23T23:31:07","date_gmt":"2022-04-23T21:31:07","guid":{"rendered":"https:\/\/laterale-residences.com\/rio-bergheim\/"},"modified":"2022-07-01T09:18:07","modified_gmt":"2022-07-01T07:18:07","slug":"rio-bergheim","status":"publish","type":"post","link":"https:\/\/laterale-residences.com\/pt-pt\/rio-bergheim\/","title":{"rendered":"Rio Bergheim"},"content":{"rendered":"<p>Bergheim, uma bela aldeia na rota do vinho, rodeada pelas suas muralhas, ainda \u00e9 relativamente intocada pelos turistas. O centro da cidade tem muitas belas casas de viticultores. Do topo das muralhas, soberbamente preservadas, voc\u00ea pode admirar as encostas da vinha, vistas pelo castelo de Haut-Koenigsbourg.<\/p>\n<p><a href=\"https:\/\/laterale-residences.com\/wp-content\/uploads\/2022\/04\/Laterale-Residences-Bergheim-en-1500.jpg\"><img fetchpriority=\"high\" decoding=\"async\" class=\"aligncenter wp-image-8740 size-large\" src=\"https:\/\/laterale-residences.com\/wp-content\/uploads\/2022\/04\/Laterale-Residences-Bergheim-en-1500-1024x693.jpg\" alt=\"\" width=\"800\" height=\"541\" srcset=\"https:\/\/laterale-residences.com\/wp-content\/uploads\/2022\/04\/Laterale-Residences-Bergheim-en-1500-1024x693.jpg 1024w, https:\/\/laterale-residences.com\/wp-content\/uploads\/2022\/04\/Laterale-Residences-Bergheim-en-1500-300x203.jpg 300w, https:\/\/laterale-residences.com\/wp-content\/uploads\/2022\/04\/Laterale-Residences-Bergheim-en-1500-768x520.jpg 768w, https:\/\/laterale-residences.com\/wp-content\/uploads\/2022\/04\/Laterale-Residences-Bergheim-en-1500.jpg 1200w\" sizes=\"(max-width: 800px) 100vw, 800px\"><\/a><\/p>\n<p><strong>Bergheim \u2013 a cidade fortificada por volta de 1500 a.B., JC.<\/strong><br>\nReproduction issue du Livre illustr\u00e9 : <strong>Villes fortifi\u00e9es d\u2019Alsace et ch\u00e2teaux de plaine <\/strong>de Guy Trendel (Auteur), Christophe Carmona (Illustrations)<br>\nEditora: <span class=\"a-list-item\">ID Edition; Edi\u00e7\u00e3o Ilustrada (1 de abril de 2016)<\/span><br>\n<a href=\"https:\/\/www.amazon.fr\/Villes-fortifi%C3%A9es-dAlsace-ch%C3%A2teaux-plaine\/dp\/2367010803\/ref=asc_df_2367010803\/?tag=googshopfr-21&amp;linkCode=df0&amp;hvadid=228565470380&amp;hvpos=&amp;hvnetw=g&amp;hvrand=5364057057137916841&amp;hvpone=&amp;hvptwo=&amp;hvqmt=&amp;hvdev=c&amp;hvdvcmdl=&amp;hvlocint=&amp;hvlocphy=9055991&amp;hvtargid=pla-487873976771&amp;psc=1\" target=\"_blank\" rel=\"noopener\">Compre o livro sobre a Amazon<\/a><\/p>\n<p>No s\u00e9culo X, a cidade \u00e9 uma propriedade real, que ser\u00e1 dada em feudo ao Duque de Lorraine que ele mesmo a doar\u00e1 ao bispo de Toul. Em 1287 Bergheim tornou-se a posse da fam\u00edlia Ribeaupierre, que a elevou em 1312 para o posto de cidade. Em seguida, doa-o com as suas muralhas. A cidade foi vendida aos Habsburgos em 1313, que a confiaram a v\u00e1rias fam\u00edlias nobres, antes de recuperar o controlo no final do s\u00e9culo XV.<\/p>\n<p><a href=\"https:\/\/laterale-residences.com\/wp-content\/uploads\/2022\/05\/Laterale-Residences-Alsace-Route-des-Vins-Bergheim-01b-scaled-e1652477030637.jpg\"><img decoding=\"async\" class=\"aligncenter wp-image-11713 size-full\" src=\"https:\/\/laterale-residences.com\/wp-content\/uploads\/2022\/05\/Laterale-Residences-Alsace-Route-des-Vins-Bergheim-01b-scaled-e1652477030637.jpg\" alt=\"\" width=\"1920\" height=\"2560\" srcset=\"https:\/\/laterale-residences.com\/wp-content\/uploads\/2022\/05\/Laterale-Residences-Alsace-Route-des-Vins-Bergheim-01b-scaled-e1652477030637.jpg 1920w, https:\/\/laterale-residences.com\/wp-content\/uploads\/2022\/05\/Laterale-Residences-Alsace-Route-des-Vins-Bergheim-01b-scaled-e1652477030637-225x300.jpg 225w, https:\/\/laterale-residences.com\/wp-content\/uploads\/2022\/05\/Laterale-Residences-Alsace-Route-des-Vins-Bergheim-01b-scaled-e1652477030637-768x1024.jpg 768w, https:\/\/laterale-residences.com\/wp-content\/uploads\/2022\/05\/Laterale-Residences-Alsace-Route-des-Vins-Bergheim-01b-scaled-e1652477030637-1152x1536.jpg 1152w, https:\/\/laterale-residences.com\/wp-content\/uploads\/2022\/05\/Laterale-Residences-Alsace-Route-des-Vins-Bergheim-01b-scaled-e1652477030637-1536x2048.jpg 1536w\" sizes=\"(max-width: 1920px) 100vw, 1920px\"><\/a><\/p>\n<p>A cidade tinha a particularidade de ter o direito de asilo que permitia que qualquer pessoa ca\u00e7ada se refugiasse l\u00e1. Voc\u00ea vai encontrar no Port\u00e3o Alto, um baixo-relevo representando um homem que provoca os seus perseguidores mostrando-lhes o seu traseiro \u2026 a LACK\u2019MI \u2026 tradu\u00e7\u00e3o: Lamba-me o\u2026 o que ilustra bem o direito de asilo reconhecido desde 1361.<\/p>\n<p><a href=\"https:\/\/laterale-residences.com\/wp-content\/uploads\/2022\/05\/Laterale-Residences-Alsace-Route-des-Vins-Bergheim-01e-scaled-e1652477318120.jpg\"><img decoding=\"async\" class=\"aligncenter wp-image-11723 size-full\" src=\"https:\/\/laterale-residences.com\/wp-content\/uploads\/2022\/05\/Laterale-Residences-Alsace-Route-des-Vins-Bergheim-01e-scaled-e1652477318120.jpg\" alt=\"\" width=\"1920\" height=\"2560\" srcset=\"https:\/\/laterale-residences.com\/wp-content\/uploads\/2022\/05\/Laterale-Residences-Alsace-Route-des-Vins-Bergheim-01e-scaled-e1652477318120.jpg 1920w, https:\/\/laterale-residences.com\/wp-content\/uploads\/2022\/05\/Laterale-Residences-Alsace-Route-des-Vins-Bergheim-01e-scaled-e1652477318120-225x300.jpg 225w, https:\/\/laterale-residences.com\/wp-content\/uploads\/2022\/05\/Laterale-Residences-Alsace-Route-des-Vins-Bergheim-01e-scaled-e1652477318120-768x1024.jpg 768w, https:\/\/laterale-residences.com\/wp-content\/uploads\/2022\/05\/Laterale-Residences-Alsace-Route-des-Vins-Bergheim-01e-scaled-e1652477318120-1152x1536.jpg 1152w, https:\/\/laterale-residences.com\/wp-content\/uploads\/2022\/05\/Laterale-Residences-Alsace-Route-des-Vins-Bergheim-01e-scaled-e1652477318120-1536x2048.jpg 1536w\" sizes=\"(max-width: 1920px) 100vw, 1920px\"><\/a><\/p>\n<p>Em 1648, pelo Tratado de Vestef\u00e1lia, e com o resto da Als\u00e1cia, a cidade de Bergheim tornou-se francesa e passou para as m\u00e3os de v\u00e1rias fam\u00edlias nobres, tornando-se finalmente propriedade da fam\u00edlia Birkenfeld, que a manteve at\u00e9 \u00e0 Revolu\u00e7\u00e3o. A cidade segue ent\u00e3o a hist\u00f3ria do resto da Als\u00e1cia.<\/p>\n<h3>Os Imperd\u00edveis<\/h3>\n<p><strong>O port\u00e3o alto da cidade e o passadi\u00e7o nas muralhas<\/strong><br>\neste passeio permite-lhe dar a volta a uma parte da cidade, e ter vistas muito bonitas sobre a vala, as casas, as torres circundantes, a vinha e o Haut-Koenigsbourg. As fortifica\u00e7\u00f5es est\u00e3o bem preservadas e voc\u00ea pode ir para a entrada inferior da cidade e visitar a igreja do s\u00e9culo XIV.<\/p>\n<p><a href=\"https:\/\/laterale-residences.com\/wp-content\/uploads\/2022\/05\/Laterale-Residences-Alsace-Route-des-Vins-Bergheim-01a-scaled-e1652477738345.jpg\"><img loading=\"lazy\" decoding=\"async\" class=\"aligncenter wp-image-11734 size-full\" src=\"https:\/\/laterale-residences.com\/wp-content\/uploads\/2022\/05\/Laterale-Residences-Alsace-Route-des-Vins-Bergheim-01a-scaled-e1652477738345.jpg\" alt=\"\" width=\"1920\" height=\"2560\" srcset=\"https:\/\/laterale-residences.com\/wp-content\/uploads\/2022\/05\/Laterale-Residences-Alsace-Route-des-Vins-Bergheim-01a-scaled-e1652477738345.jpg 1920w, https:\/\/laterale-residences.com\/wp-content\/uploads\/2022\/05\/Laterale-Residences-Alsace-Route-des-Vins-Bergheim-01a-scaled-e1652477738345-225x300.jpg 225w, https:\/\/laterale-residences.com\/wp-content\/uploads\/2022\/05\/Laterale-Residences-Alsace-Route-des-Vins-Bergheim-01a-scaled-e1652477738345-768x1024.jpg 768w, https:\/\/laterale-residences.com\/wp-content\/uploads\/2022\/05\/Laterale-Residences-Alsace-Route-des-Vins-Bergheim-01a-scaled-e1652477738345-1152x1536.jpg 1152w, https:\/\/laterale-residences.com\/wp-content\/uploads\/2022\/05\/Laterale-Residences-Alsace-Route-des-Vins-Bergheim-01a-scaled-e1652477738345-1536x2048.jpg 1536w\" sizes=\"(max-width: 1920px) 100vw, 1920px\"><\/a><\/p>\n<p><strong>O Port\u00e3o Alto<\/strong><br>\nEsta torre de port\u00e3o do s\u00e9culo XIV que guardava a entrada ocidental da cidade, \u00e9 a \u00fanica das tr\u00eas ainda presentes.<\/p>\n<p>Da porta alta, pegue o caminho que leva ao <strong>Passeio Des Remparts<\/strong>.<\/p>\n<p><a href=\"https:\/\/laterale-residences.com\/wp-content\/uploads\/2022\/05\/Laterale-Residences-Alsace-Route-des-Vins-Bergheim-01n-scaled.jpg\"><img loading=\"lazy\" decoding=\"async\" class=\"aligncenter wp-image-11746 size-full\" src=\"https:\/\/laterale-residences.com\/wp-content\/uploads\/2022\/05\/Laterale-Residences-Alsace-Route-des-Vins-Bergheim-01n-scaled.jpg\" alt=\"\" width=\"2560\" height=\"1920\" srcset=\"https:\/\/laterale-residences.com\/wp-content\/uploads\/2022\/05\/Laterale-Residences-Alsace-Route-des-Vins-Bergheim-01n-scaled.jpg 2560w, https:\/\/laterale-residences.com\/wp-content\/uploads\/2022\/05\/Laterale-Residences-Alsace-Route-des-Vins-Bergheim-01n-300x225.jpg 300w, https:\/\/laterale-residences.com\/wp-content\/uploads\/2022\/05\/Laterale-Residences-Alsace-Route-des-Vins-Bergheim-01n-1024x768.jpg 1024w, https:\/\/laterale-residences.com\/wp-content\/uploads\/2022\/05\/Laterale-Residences-Alsace-Route-des-Vins-Bergheim-01n-768x576.jpg 768w, https:\/\/laterale-residences.com\/wp-content\/uploads\/2022\/05\/Laterale-Residences-Alsace-Route-des-Vins-Bergheim-01n-1536x1152.jpg 1536w, https:\/\/laterale-residences.com\/wp-content\/uploads\/2022\/05\/Laterale-Residences-Alsace-Route-des-Vins-Bergheim-01n-2048x1536.jpg 2048w\" sizes=\"(max-width: 2560px) 100vw, 2560px\"><\/a><br>\n<a href=\"https:\/\/laterale-residences.com\/wp-content\/uploads\/2022\/05\/Laterale-Residences-Alsace-Route-des-Vins-Bergheim-01l-scaled.jpg\"><img loading=\"lazy\" decoding=\"async\" class=\"aligncenter wp-image-11756 size-full\" src=\"https:\/\/laterale-residences.com\/wp-content\/uploads\/2022\/05\/Laterale-Residences-Alsace-Route-des-Vins-Bergheim-01l-scaled.jpg\" alt=\"\" width=\"2560\" height=\"1920\" srcset=\"https:\/\/laterale-residences.com\/wp-content\/uploads\/2022\/05\/Laterale-Residences-Alsace-Route-des-Vins-Bergheim-01l-scaled.jpg 2560w, https:\/\/laterale-residences.com\/wp-content\/uploads\/2022\/05\/Laterale-Residences-Alsace-Route-des-Vins-Bergheim-01l-300x225.jpg 300w, https:\/\/laterale-residences.com\/wp-content\/uploads\/2022\/05\/Laterale-Residences-Alsace-Route-des-Vins-Bergheim-01l-1024x768.jpg 1024w, https:\/\/laterale-residences.com\/wp-content\/uploads\/2022\/05\/Laterale-Residences-Alsace-Route-des-Vins-Bergheim-01l-768x576.jpg 768w, https:\/\/laterale-residences.com\/wp-content\/uploads\/2022\/05\/Laterale-Residences-Alsace-Route-des-Vins-Bergheim-01l-1536x1152.jpg 1536w, https:\/\/laterale-residences.com\/wp-content\/uploads\/2022\/05\/Laterale-Residences-Alsace-Route-des-Vins-Bergheim-01l-2048x1536.jpg 2048w\" sizes=\"(max-width: 2560px) 100vw, 2560px\"><\/a><\/p>\n<p><strong>Passeio das muralhas<\/strong><br>\nEste passeio permite-lhe dar a volta a uma parte da cidade, e ter vistas muito bonitas sobre o fosso, as casas, as torres circundantes, a vinha e o Haut-Koenigsbourg. As fortifica\u00e7\u00f5es da cidade consistem num recinto duplo bem preservado, com as suas valas e muralhas ladeadas por torres, algumas das quais foram transformadas em habita\u00e7\u00f5es.<\/p>\n<p><a href=\"https:\/\/laterale-residences.com\/wp-content\/uploads\/2022\/05\/Laterale-Residences-Alsace-Route-des-Vins-Bergheim-01i-scaled.jpg\"><img loading=\"lazy\" decoding=\"async\" class=\"aligncenter wp-image-11846 size-full\" src=\"https:\/\/laterale-residences.com\/wp-content\/uploads\/2022\/05\/Laterale-Residences-Alsace-Route-des-Vins-Bergheim-01i-scaled.jpg\" alt=\"\" width=\"2560\" height=\"1920\" srcset=\"https:\/\/laterale-residences.com\/wp-content\/uploads\/2022\/05\/Laterale-Residences-Alsace-Route-des-Vins-Bergheim-01i-scaled.jpg 2560w, https:\/\/laterale-residences.com\/wp-content\/uploads\/2022\/05\/Laterale-Residences-Alsace-Route-des-Vins-Bergheim-01i-300x225.jpg 300w, https:\/\/laterale-residences.com\/wp-content\/uploads\/2022\/05\/Laterale-Residences-Alsace-Route-des-Vins-Bergheim-01i-1024x768.jpg 1024w, https:\/\/laterale-residences.com\/wp-content\/uploads\/2022\/05\/Laterale-Residences-Alsace-Route-des-Vins-Bergheim-01i-768x576.jpg 768w, https:\/\/laterale-residences.com\/wp-content\/uploads\/2022\/05\/Laterale-Residences-Alsace-Route-des-Vins-Bergheim-01i-1536x1152.jpg 1536w, https:\/\/laterale-residences.com\/wp-content\/uploads\/2022\/05\/Laterale-Residences-Alsace-Route-des-Vins-Bergheim-01i-2048x1536.jpg 2048w\" sizes=\"(max-width: 2560px) 100vw, 2560px\"><\/a><\/p>\n<p><strong>A igreja<\/strong><br>\nA sua constru\u00e7\u00e3o data do s\u00e9culo XIV, na sequ\u00eancia do inc\u00eandio do anterior.<\/p>\n<p><a href=\"https:\/\/laterale-residences.com\/wp-content\/uploads\/2022\/05\/Laterale-Residences-Alsace-Route-des-Vins-Bergheim-01ac-scaled-e1652478227642.jpg\"><img loading=\"lazy\" decoding=\"async\" class=\"aligncenter wp-image-11836 size-full\" src=\"https:\/\/laterale-residences.com\/wp-content\/uploads\/2022\/05\/Laterale-Residences-Alsace-Route-des-Vins-Bergheim-01ac-scaled-e1652478227642.jpg\" alt=\"\" width=\"1920\" height=\"2560\" srcset=\"https:\/\/laterale-residences.com\/wp-content\/uploads\/2022\/05\/Laterale-Residences-Alsace-Route-des-Vins-Bergheim-01ac-scaled-e1652478227642.jpg 1920w, https:\/\/laterale-residences.com\/wp-content\/uploads\/2022\/05\/Laterale-Residences-Alsace-Route-des-Vins-Bergheim-01ac-scaled-e1652478227642-225x300.jpg 225w, https:\/\/laterale-residences.com\/wp-content\/uploads\/2022\/05\/Laterale-Residences-Alsace-Route-des-Vins-Bergheim-01ac-scaled-e1652478227642-768x1024.jpg 768w, https:\/\/laterale-residences.com\/wp-content\/uploads\/2022\/05\/Laterale-Residences-Alsace-Route-des-Vins-Bergheim-01ac-scaled-e1652478227642-1152x1536.jpg 1152w, https:\/\/laterale-residences.com\/wp-content\/uploads\/2022\/05\/Laterale-Residences-Alsace-Route-des-Vins-Bergheim-01ac-scaled-e1652478227642-1536x2048.jpg 1536w\" sizes=\"(max-width: 1920px) 100vw, 1920px\"><\/a><\/p>\n<p>Sofreu v\u00e1rias modifica\u00e7\u00f5es ao longo do tempo, a mais importante das quais ocorreu durante o s\u00e9culo XVIII, incluindo a parte superior da torre sineira e o interior.<\/p>\n<p><a href=\"https:\/\/laterale-residences.com\/wp-content\/uploads\/2022\/05\/Laterale-Residences-Alsace-Route-des-Vins-Bergheim-01y-scaled-e1652478259357.jpg\"><img loading=\"lazy\" decoding=\"async\" class=\"aligncenter wp-image-11796 size-full\" src=\"https:\/\/laterale-residences.com\/wp-content\/uploads\/2022\/05\/Laterale-Residences-Alsace-Route-des-Vins-Bergheim-01y-scaled-e1652478259357.jpg\" alt=\"\" width=\"1920\" height=\"2560\" srcset=\"https:\/\/laterale-residences.com\/wp-content\/uploads\/2022\/05\/Laterale-Residences-Alsace-Route-des-Vins-Bergheim-01y-scaled-e1652478259357.jpg 1920w, https:\/\/laterale-residences.com\/wp-content\/uploads\/2022\/05\/Laterale-Residences-Alsace-Route-des-Vins-Bergheim-01y-scaled-e1652478259357-225x300.jpg 225w, https:\/\/laterale-residences.com\/wp-content\/uploads\/2022\/05\/Laterale-Residences-Alsace-Route-des-Vins-Bergheim-01y-scaled-e1652478259357-768x1024.jpg 768w, https:\/\/laterale-residences.com\/wp-content\/uploads\/2022\/05\/Laterale-Residences-Alsace-Route-des-Vins-Bergheim-01y-scaled-e1652478259357-1152x1536.jpg 1152w, https:\/\/laterale-residences.com\/wp-content\/uploads\/2022\/05\/Laterale-Residences-Alsace-Route-des-Vins-Bergheim-01y-scaled-e1652478259357-1536x2048.jpg 1536w\" sizes=\"(max-width: 1920px) 100vw, 1920px\"><\/a><br>\nO portal de entrada apresenta uma bela adora\u00e7\u00e3o dos Magi.<br>\nNo interior, voc\u00ea pode admirar v\u00e1rios belos frescos (s\u00edmbolos dos Evangelistas, S\u00e3o Jorge matando o drag\u00e3o, uma crucifica\u00e7\u00e3o\u2026). A nave foi coberta com um teto e os arcos repousam nas colunas toscanas (1718).<\/p>\n<p><strong>Passeio pela cidade<\/strong><br>\nDa igreja, passe pela Grand Street, passeando pelas pequenas ruas da cidade, onde pode admirar belas casas.<\/p>\n<p><a href=\"https:\/\/laterale-residences.com\/wp-content\/uploads\/2022\/05\/Laterale-Residences-Alsace-Route-des-Vins-Bergheim-01v-scaled-e1652478209804.jpg\"><img loading=\"lazy\" decoding=\"async\" class=\"aligncenter wp-image-11856 size-full\" src=\"https:\/\/laterale-residences.com\/wp-content\/uploads\/2022\/05\/Laterale-Residences-Alsace-Route-des-Vins-Bergheim-01v-scaled-e1652478209804.jpg\" alt=\"\" width=\"1827\" height=\"2560\" srcset=\"https:\/\/laterale-residences.com\/wp-content\/uploads\/2022\/05\/Laterale-Residences-Alsace-Route-des-Vins-Bergheim-01v-scaled-e1652478209804.jpg 1827w, https:\/\/laterale-residences.com\/wp-content\/uploads\/2022\/05\/Laterale-Residences-Alsace-Route-des-Vins-Bergheim-01v-scaled-e1652478209804-214x300.jpg 214w, https:\/\/laterale-residences.com\/wp-content\/uploads\/2022\/05\/Laterale-Residences-Alsace-Route-des-Vins-Bergheim-01v-scaled-e1652478209804-731x1024.jpg 731w, https:\/\/laterale-residences.com\/wp-content\/uploads\/2022\/05\/Laterale-Residences-Alsace-Route-des-Vins-Bergheim-01v-scaled-e1652478209804-768x1076.jpg 768w, https:\/\/laterale-residences.com\/wp-content\/uploads\/2022\/05\/Laterale-Residences-Alsace-Route-des-Vins-Bergheim-01v-scaled-e1652478209804-1096x1536.jpg 1096w, https:\/\/laterale-residences.com\/wp-content\/uploads\/2022\/05\/Laterale-Residences-Alsace-Route-des-Vins-Bergheim-01v-scaled-e1652478209804-1462x2048.jpg 1462w\" sizes=\"(max-width: 1827px) 100vw, 1827px\"><\/a><\/p>\n<p>Passe pela rue de la Cigogne, a rue des Chevaliers, e a rue des Juifs onde est\u00e1 localizada a sinagoga de 1862 (Bergheim foi o lar de uma das mais importantes comunidades judaicas da Als\u00e1cia at\u00e9 ao s\u00e9culo XX).<\/p>\n<p><strong>Pra\u00e7a do Mercado<\/strong><br>\nA antiga Place d\u2019Armes, rodeada pela c\u00e2mara municipal e belas casas foi recentemente renovada (2021)<\/p>\n<p><a href=\"https:\/\/laterale-residences.com\/wp-content\/uploads\/2022\/05\/Laterale-Residences-Alsace-Route-des-Vins-Bergheim-01af-scaled.jpg\"><img loading=\"lazy\" decoding=\"async\" class=\"aligncenter wp-image-11816 size-full\" src=\"https:\/\/laterale-residences.com\/wp-content\/uploads\/2022\/05\/Laterale-Residences-Alsace-Route-des-Vins-Bergheim-01af-scaled.jpg\" alt=\"\" width=\"2560\" height=\"1920\" srcset=\"https:\/\/laterale-residences.com\/wp-content\/uploads\/2022\/05\/Laterale-Residences-Alsace-Route-des-Vins-Bergheim-01af-scaled.jpg 2560w, https:\/\/laterale-residences.com\/wp-content\/uploads\/2022\/05\/Laterale-Residences-Alsace-Route-des-Vins-Bergheim-01af-300x225.jpg 300w, https:\/\/laterale-residences.com\/wp-content\/uploads\/2022\/05\/Laterale-Residences-Alsace-Route-des-Vins-Bergheim-01af-1024x768.jpg 1024w, https:\/\/laterale-residences.com\/wp-content\/uploads\/2022\/05\/Laterale-Residences-Alsace-Route-des-Vins-Bergheim-01af-768x576.jpg 768w, https:\/\/laterale-residences.com\/wp-content\/uploads\/2022\/05\/Laterale-Residences-Alsace-Route-des-Vins-Bergheim-01af-1536x1152.jpg 1536w, https:\/\/laterale-residences.com\/wp-content\/uploads\/2022\/05\/Laterale-Residences-Alsace-Route-des-Vins-Bergheim-01af-2048x1536.jpg 2048w\" sizes=\"(max-width: 2560px) 100vw, 2560px\"><\/a><\/p>\n<p><a href=\"https:\/\/laterale-residences.com\/wp-content\/uploads\/2022\/05\/Laterale-Residences-Alsace-Route-des-Vins-Bergheim-01ah-scaled.jpg\"><img loading=\"lazy\" decoding=\"async\" class=\"aligncenter wp-image-11826 size-full\" src=\"https:\/\/laterale-residences.com\/wp-content\/uploads\/2022\/05\/Laterale-Residences-Alsace-Route-des-Vins-Bergheim-01ah-scaled.jpg\" alt=\"\" width=\"2560\" height=\"1920\" srcset=\"https:\/\/laterale-residences.com\/wp-content\/uploads\/2022\/05\/Laterale-Residences-Alsace-Route-des-Vins-Bergheim-01ah-scaled.jpg 2560w, https:\/\/laterale-residences.com\/wp-content\/uploads\/2022\/05\/Laterale-Residences-Alsace-Route-des-Vins-Bergheim-01ah-300x225.jpg 300w, https:\/\/laterale-residences.com\/wp-content\/uploads\/2022\/05\/Laterale-Residences-Alsace-Route-des-Vins-Bergheim-01ah-1024x768.jpg 1024w, https:\/\/laterale-residences.com\/wp-content\/uploads\/2022\/05\/Laterale-Residences-Alsace-Route-des-Vins-Bergheim-01ah-768x576.jpg 768w, https:\/\/laterale-residences.com\/wp-content\/uploads\/2022\/05\/Laterale-Residences-Alsace-Route-des-Vins-Bergheim-01ah-1536x1152.jpg 1536w, https:\/\/laterale-residences.com\/wp-content\/uploads\/2022\/05\/Laterale-Residences-Alsace-Route-des-Vins-Bergheim-01ah-2048x1536.jpg 2048w\" sizes=\"(max-width: 2560px) 100vw, 2560px\"><\/a><\/p>\n<p>Na pra\u00e7a, uma fonte, feita de arenito e ferro de ferro, carrega no seu topo um dos s\u00edmbolos da cidade, que pode ser encontrada no seu bras\u00e3o de armas, a representa\u00e7\u00e3o do Berg (colina) de Bergheim.<\/p>\n<p><strong>Grand Street<\/strong><br>\nBelas casas alinham a rua principal da cidade e \u00e9 aqui que est\u00e1 localizada a antiga casa de banho.<\/p>\n<p><a href=\"https:\/\/laterale-residences.com\/wp-content\/uploads\/2022\/05\/Laterale-Residences-Alsace-Route-des-Vins-Bergheim-01ai-scaled-e1652478779828.jpg\"><img loading=\"lazy\" decoding=\"async\" class=\"aligncenter wp-image-11867 size-full\" src=\"https:\/\/laterale-residences.com\/wp-content\/uploads\/2022\/05\/Laterale-Residences-Alsace-Route-des-Vins-Bergheim-01ai-scaled-e1652478779828.jpg\" alt=\"\" width=\"1920\" height=\"2560\" srcset=\"https:\/\/laterale-residences.com\/wp-content\/uploads\/2022\/05\/Laterale-Residences-Alsace-Route-des-Vins-Bergheim-01ai-scaled-e1652478779828.jpg 1920w, https:\/\/laterale-residences.com\/wp-content\/uploads\/2022\/05\/Laterale-Residences-Alsace-Route-des-Vins-Bergheim-01ai-scaled-e1652478779828-225x300.jpg 225w, https:\/\/laterale-residences.com\/wp-content\/uploads\/2022\/05\/Laterale-Residences-Alsace-Route-des-Vins-Bergheim-01ai-scaled-e1652478779828-768x1024.jpg 768w, https:\/\/laterale-residences.com\/wp-content\/uploads\/2022\/05\/Laterale-Residences-Alsace-Route-des-Vins-Bergheim-01ai-scaled-e1652478779828-1152x1536.jpg 1152w, https:\/\/laterale-residences.com\/wp-content\/uploads\/2022\/05\/Laterale-Residences-Alsace-Route-des-Vins-Bergheim-01ai-scaled-e1652478779828-1536x2048.jpg 1536w\" sizes=\"(max-width: 1920px) 100vw, 1920px\"><\/a><\/p>\n<p>Desde Maio de 2022, Bergheim tem sido listada como uma das \u201cAldeias Mais Bonitas de Fran\u00e7a\u201d.<br>\n<img loading=\"lazy\" decoding=\"async\" class=\"alignnone wp-image-14775\" src=\"https:\/\/laterale-residences.com\/wp-content\/uploads\/2022\/06\/beaux-villages-officiel-300x159.jpg\" alt=\"\" width=\"200\" height=\"106\" srcset=\"https:\/\/laterale-residences.com\/wp-content\/uploads\/2022\/06\/beaux-villages-officiel-300x159.jpg 300w, https:\/\/laterale-residences.com\/wp-content\/uploads\/2022\/06\/beaux-villages-officiel.jpg 670w\" sizes=\"(max-width: 200px) 100vw, 200px\"><\/p>\n<h3>Um pouco de gastronomia\u2026<\/h3>\n<p><strong>Restaurante gourmet ANIMUS<br>\n<\/strong> O melhor endere\u00e7o em Bergheim para descobrir uma cozinha que funde o terroir alsaciano com a gastronomia italiana.<br>\n14 Pl. do Dr. Pierre Walter, 68750 Bergheim<br>\nTelefone: (int+) 03 89 73 73 97<br>\n<a href=\"https:\/\/restaurant-animus.fr\/\" target=\"_blank\" rel=\"noopener\">Restaurante Animus \u2013 Saiba mais<\/a><\/p>\n<p><a href=\"https:\/\/app.aji-code.com\/place\/restaurant-animus\" target=\"_blank\" rel=\"noopener\">Consulte o Menu e Menus em 11 idiomas\u2026<\/a><\/p>\n<p><img loading=\"lazy\" decoding=\"async\" class=\"aligncenter wp-image-11888 size-full\" src=\"https:\/\/laterale-residences.com\/wp-content\/uploads\/2022\/05\/Screenshot-2022-05-13-at-23-54-55-Animus-Restaurant-a-Bergheim.png\" alt=\"\" width=\"1548\" height=\"802\" srcset=\"https:\/\/laterale-residences.com\/wp-content\/uploads\/2022\/05\/Screenshot-2022-05-13-at-23-54-55-Animus-Restaurant-a-Bergheim.png 1548w, https:\/\/laterale-residences.com\/wp-content\/uploads\/2022\/05\/Screenshot-2022-05-13-at-23-54-55-Animus-Restaurant-a-Bergheim-300x155.png 300w, https:\/\/laterale-residences.com\/wp-content\/uploads\/2022\/05\/Screenshot-2022-05-13-at-23-54-55-Animus-Restaurant-a-Bergheim-1024x531.png 1024w, https:\/\/laterale-residences.com\/wp-content\/uploads\/2022\/05\/Screenshot-2022-05-13-at-23-54-55-Animus-Restaurant-a-Bergheim-768x398.png 768w, https:\/\/laterale-residences.com\/wp-content\/uploads\/2022\/05\/Screenshot-2022-05-13-at-23-54-55-Animus-Restaurant-a-Bergheim-1536x796.png 1536w\" sizes=\"(max-width: 1548px) 100vw, 1548px\"><\/p>\n","protected":false},"excerpt":{"rendered":"<p>Bergheim, uma bela aldeia na rota do vinho, rodeada pelas suas muralhas, ainda \u00e9 relativamente intocada pelos turistas. O centro da cidade tem muitas belas casas de viticultores. Do topo das muralhas, soberbamente preservadas, voc\u00ea pode admirar as encostas da vinha, vistas pelo castelo de Haut-Koenigsbourg.<\/p>\n","protected":false},"author":1,"featured_media":2247,"comment_status":"open","ping_status":"closed","sticky":false,"template":"","format":"standard","meta":{"_acf_changed":false,"footnotes":""},"categories":[79],"tags":[],"class_list":["post-6868","post","type-post","status-publish","format-standard","has-post-thumbnail","hentry","category-as-mais-belas-aldeias"],"acf":[],"yoast_head":"<!-- This site is optimized with the Yoast SEO Premium plugin v21.7 (Yoast SEO v27.4) - https:\/\/yoast.com\/product\/yoast-seo-premium-wordpress\/ -->\n<title>Rio Bergheim - Laterale Residences<\/title>\n<meta name=\"robots\" content=\"index, follow, max-snippet:-1, max-image-preview:large, max-video-preview:-1\" \/>\n<link rel=\"canonical\" href=\"https:\/\/laterale-residences.com\/pt-pt\/rio-bergheim\/\" \/>\n<meta property=\"og:locale\" content=\"pt_PT\" \/>\n<meta property=\"og:type\" content=\"article\" \/>\n<meta property=\"og:title\" content=\"Rio Bergheim\" \/>\n<meta property=\"og:description\" content=\"Bergheim, uma bela aldeia na rota do vinho, rodeada pelas suas muralhas, ainda \u00e9 relativamente intocada pelos turistas. O centro da cidade tem muitas belas casas de viticultores. Do topo das muralhas, soberbamente preservadas, voc\u00ea pode admirar as encostas da vinha, vistas pelo castelo de Haut-Koenigsbourg.\" \/>\n<meta property=\"og:url\" content=\"https:\/\/laterale-residences.com\/pt-pt\/rio-bergheim\/\" \/>\n<meta property=\"og:site_name\" content=\"Laterale Residences\" \/>\n<meta property=\"article:published_time\" content=\"2022-04-23T21:31:07+00:00\" \/>\n<meta property=\"article:modified_time\" content=\"2022-07-01T07:18:07+00:00\" \/>\n<meta property=\"og:image\" content=\"https:\/\/laterale-residences.com\/wp-content\/uploads\/2022\/04\/Bergheim-scaled.jpg\" \/>\n\t<meta property=\"og:image:width\" content=\"2560\" \/>\n\t<meta property=\"og:image:height\" content=\"1920\" \/>\n\t<meta property=\"og:image:type\" content=\"image\/jpeg\" \/>\n<meta name=\"author\" content=\"contact@laterale-residences.com\" \/>\n<meta name=\"twitter:card\" content=\"summary_large_image\" \/>\n<meta name=\"twitter:label1\" content=\"Escrito por\" \/>\n\t<meta name=\"twitter:data1\" content=\"contact@laterale-residences.com\" \/>\n\t<meta name=\"twitter:label2\" content=\"Tempo estimado de leitura\" \/>\n\t<meta name=\"twitter:data2\" content=\"4 minutos\" \/>\n<script type=\"application\/ld+json\" class=\"yoast-schema-graph\">{\"@context\":\"https:\\\/\\\/schema.org\",\"@graph\":[{\"@type\":\"Article\",\"@id\":\"https:\\\/\\\/laterale-residences.com\\\/pt-pt\\\/rio-bergheim\\\/#article\",\"isPartOf\":{\"@id\":\"https:\\\/\\\/laterale-residences.com\\\/pt-pt\\\/rio-bergheim\\\/\"},\"author\":{\"name\":\"contact@laterale-residences.com\",\"@id\":\"https:\\\/\\\/laterale-residences.com\\\/pt-pt\\\/#\\\/schema\\\/person\\\/e059e7fbfe09a1de4a5070385ec9fce4\"},\"headline\":\"Rio Bergheim\",\"datePublished\":\"2022-04-23T21:31:07+00:00\",\"dateModified\":\"2022-07-01T07:18:07+00:00\",\"mainEntityOfPage\":{\"@id\":\"https:\\\/\\\/laterale-residences.com\\\/pt-pt\\\/rio-bergheim\\\/\"},\"wordCount\":756,\"commentCount\":0,\"publisher\":{\"@id\":\"https:\\\/\\\/laterale-residences.com\\\/pt-pt\\\/#organization\"},\"image\":{\"@id\":\"https:\\\/\\\/laterale-residences.com\\\/pt-pt\\\/rio-bergheim\\\/#primaryimage\"},\"thumbnailUrl\":\"https:\\\/\\\/laterale-residences.com\\\/wp-content\\\/uploads\\\/2022\\\/04\\\/Bergheim-scaled.jpg\",\"articleSection\":[\"As mais belas aldeias\"],\"inLanguage\":\"pt-PT\",\"potentialAction\":[{\"@type\":\"CommentAction\",\"name\":\"Comment\",\"target\":[\"https:\\\/\\\/laterale-residences.com\\\/pt-pt\\\/rio-bergheim\\\/#respond\"]}]},{\"@type\":\"WebPage\",\"@id\":\"https:\\\/\\\/laterale-residences.com\\\/pt-pt\\\/rio-bergheim\\\/\",\"url\":\"https:\\\/\\\/laterale-residences.com\\\/pt-pt\\\/rio-bergheim\\\/\",\"name\":\"Rio Bergheim - Laterale Residences\",\"isPartOf\":{\"@id\":\"https:\\\/\\\/laterale-residences.com\\\/pt-pt\\\/#website\"},\"primaryImageOfPage\":{\"@id\":\"https:\\\/\\\/laterale-residences.com\\\/pt-pt\\\/rio-bergheim\\\/#primaryimage\"},\"image\":{\"@id\":\"https:\\\/\\\/laterale-residences.com\\\/pt-pt\\\/rio-bergheim\\\/#primaryimage\"},\"thumbnailUrl\":\"https:\\\/\\\/laterale-residences.com\\\/wp-content\\\/uploads\\\/2022\\\/04\\\/Bergheim-scaled.jpg\",\"datePublished\":\"2022-04-23T21:31:07+00:00\",\"dateModified\":\"2022-07-01T07:18:07+00:00\",\"breadcrumb\":{\"@id\":\"https:\\\/\\\/laterale-residences.com\\\/pt-pt\\\/rio-bergheim\\\/#breadcrumb\"},\"inLanguage\":\"pt-PT\",\"potentialAction\":[{\"@type\":\"ReadAction\",\"target\":[\"https:\\\/\\\/laterale-residences.com\\\/pt-pt\\\/rio-bergheim\\\/\"]}]},{\"@type\":\"ImageObject\",\"inLanguage\":\"pt-PT\",\"@id\":\"https:\\\/\\\/laterale-residences.com\\\/pt-pt\\\/rio-bergheim\\\/#primaryimage\",\"url\":\"https:\\\/\\\/laterale-residences.com\\\/wp-content\\\/uploads\\\/2022\\\/04\\\/Bergheim-scaled.jpg\",\"contentUrl\":\"https:\\\/\\\/laterale-residences.com\\\/wp-content\\\/uploads\\\/2022\\\/04\\\/Bergheim-scaled.jpg\",\"width\":2560,\"height\":1920},{\"@type\":\"BreadcrumbList\",\"@id\":\"https:\\\/\\\/laterale-residences.com\\\/pt-pt\\\/rio-bergheim\\\/#breadcrumb\",\"itemListElement\":[{\"@type\":\"ListItem\",\"position\":1,\"name\":\"Accueil\",\"item\":\"https:\\\/\\\/laterale-residences.com\\\/pt-pt\\\/rececao\\\/\"},{\"@type\":\"ListItem\",\"position\":2,\"name\":\"Rio Bergheim\"}]},{\"@type\":\"WebSite\",\"@id\":\"https:\\\/\\\/laterale-residences.com\\\/pt-pt\\\/#website\",\"url\":\"https:\\\/\\\/laterale-residences.com\\\/pt-pt\\\/\",\"name\":\"Laterale Residences\",\"description\":\"Appartements Vacances Riquewihr sur la route des vins d&#039;Alsace\",\"publisher\":{\"@id\":\"https:\\\/\\\/laterale-residences.com\\\/pt-pt\\\/#organization\"},\"potentialAction\":[{\"@type\":\"SearchAction\",\"target\":{\"@type\":\"EntryPoint\",\"urlTemplate\":\"https:\\\/\\\/laterale-residences.com\\\/pt-pt\\\/?s={search_term_string}\"},\"query-input\":{\"@type\":\"PropertyValueSpecification\",\"valueRequired\":true,\"valueName\":\"search_term_string\"}}],\"inLanguage\":\"pt-PT\"},{\"@type\":\"Organization\",\"@id\":\"https:\\\/\\\/laterale-residences.com\\\/pt-pt\\\/#organization\",\"name\":\"Laterale Residences\",\"url\":\"https:\\\/\\\/laterale-residences.com\\\/pt-pt\\\/\",\"logo\":{\"@type\":\"ImageObject\",\"inLanguage\":\"pt-PT\",\"@id\":\"https:\\\/\\\/laterale-residences.com\\\/pt-pt\\\/#\\\/schema\\\/logo\\\/image\\\/\",\"url\":\"https:\\\/\\\/laterale-residences.com\\\/wp-content\\\/uploads\\\/2021\\\/07\\\/logo_laterale_residences_etoiles.png\",\"contentUrl\":\"https:\\\/\\\/laterale-residences.com\\\/wp-content\\\/uploads\\\/2021\\\/07\\\/logo_laterale_residences_etoiles.png\",\"width\":600,\"height\":600,\"caption\":\"Laterale Residences\"},\"image\":{\"@id\":\"https:\\\/\\\/laterale-residences.com\\\/pt-pt\\\/#\\\/schema\\\/logo\\\/image\\\/\"}},{\"@type\":\"Person\",\"@id\":\"https:\\\/\\\/laterale-residences.com\\\/pt-pt\\\/#\\\/schema\\\/person\\\/e059e7fbfe09a1de4a5070385ec9fce4\",\"name\":\"contact@laterale-residences.com\",\"image\":{\"@type\":\"ImageObject\",\"inLanguage\":\"pt-PT\",\"@id\":\"https:\\\/\\\/secure.gravatar.com\\\/avatar\\\/2c6c46f89a7f510c694de34f653d75e6ce9a2782a83b3663358d125500655620?s=96&d=mm&r=g\",\"url\":\"https:\\\/\\\/secure.gravatar.com\\\/avatar\\\/2c6c46f89a7f510c694de34f653d75e6ce9a2782a83b3663358d125500655620?s=96&d=mm&r=g\",\"contentUrl\":\"https:\\\/\\\/secure.gravatar.com\\\/avatar\\\/2c6c46f89a7f510c694de34f653d75e6ce9a2782a83b3663358d125500655620?s=96&d=mm&r=g\",\"caption\":\"contact@laterale-residences.com\"},\"sameAs\":[\"https:\\\/\\\/laterale-residences.com\"],\"worksFor\":\"LATERALE RESIDENCES sarl\",\"url\":\"https:\\\/\\\/laterale-residences.com\\\/pt-pt\\\/author\\\/contactlaterale-residences-com\\\/\"}]}<\/script>\n<!-- \/ Yoast SEO Premium plugin. -->","yoast_head_json":{"title":"Rio Bergheim - Laterale Residences","robots":{"index":"index","follow":"follow","max-snippet":"max-snippet:-1","max-image-preview":"max-image-preview:large","max-video-preview":"max-video-preview:-1"},"canonical":"https:\/\/laterale-residences.com\/pt-pt\/rio-bergheim\/","og_locale":"pt_PT","og_type":"article","og_title":"Rio Bergheim","og_description":"Bergheim, uma bela aldeia na rota do vinho, rodeada pelas suas muralhas, ainda \u00e9 relativamente intocada pelos turistas. O centro da cidade tem muitas belas casas de viticultores. Do topo das muralhas, soberbamente preservadas, voc\u00ea pode admirar as encostas da vinha, vistas pelo castelo de Haut-Koenigsbourg.","og_url":"https:\/\/laterale-residences.com\/pt-pt\/rio-bergheim\/","og_site_name":"Laterale Residences","article_published_time":"2022-04-23T21:31:07+00:00","article_modified_time":"2022-07-01T07:18:07+00:00","og_image":[{"width":2560,"height":1920,"url":"https:\/\/laterale-residences.com\/wp-content\/uploads\/2022\/04\/Bergheim-scaled.jpg","type":"image\/jpeg"}],"author":"contact@laterale-residences.com","twitter_card":"summary_large_image","twitter_misc":{"Escrito por":"contact@laterale-residences.com","Tempo estimado de leitura":"4 minutos"},"schema":{"@context":"https:\/\/schema.org","@graph":[{"@type":"Article","@id":"https:\/\/laterale-residences.com\/pt-pt\/rio-bergheim\/#article","isPartOf":{"@id":"https:\/\/laterale-residences.com\/pt-pt\/rio-bergheim\/"},"author":{"name":"contact@laterale-residences.com","@id":"https:\/\/laterale-residences.com\/pt-pt\/#\/schema\/person\/e059e7fbfe09a1de4a5070385ec9fce4"},"headline":"Rio Bergheim","datePublished":"2022-04-23T21:31:07+00:00","dateModified":"2022-07-01T07:18:07+00:00","mainEntityOfPage":{"@id":"https:\/\/laterale-residences.com\/pt-pt\/rio-bergheim\/"},"wordCount":756,"commentCount":0,"publisher":{"@id":"https:\/\/laterale-residences.com\/pt-pt\/#organization"},"image":{"@id":"https:\/\/laterale-residences.com\/pt-pt\/rio-bergheim\/#primaryimage"},"thumbnailUrl":"https:\/\/laterale-residences.com\/wp-content\/uploads\/2022\/04\/Bergheim-scaled.jpg","articleSection":["As mais belas aldeias"],"inLanguage":"pt-PT","potentialAction":[{"@type":"CommentAction","name":"Comment","target":["https:\/\/laterale-residences.com\/pt-pt\/rio-bergheim\/#respond"]}]},{"@type":"WebPage","@id":"https:\/\/laterale-residences.com\/pt-pt\/rio-bergheim\/","url":"https:\/\/laterale-residences.com\/pt-pt\/rio-bergheim\/","name":"Rio Bergheim - Laterale Residences","isPartOf":{"@id":"https:\/\/laterale-residences.com\/pt-pt\/#website"},"primaryImageOfPage":{"@id":"https:\/\/laterale-residences.com\/pt-pt\/rio-bergheim\/#primaryimage"},"image":{"@id":"https:\/\/laterale-residences.com\/pt-pt\/rio-bergheim\/#primaryimage"},"thumbnailUrl":"https:\/\/laterale-residences.com\/wp-content\/uploads\/2022\/04\/Bergheim-scaled.jpg","datePublished":"2022-04-23T21:31:07+00:00","dateModified":"2022-07-01T07:18:07+00:00","breadcrumb":{"@id":"https:\/\/laterale-residences.com\/pt-pt\/rio-bergheim\/#breadcrumb"},"inLanguage":"pt-PT","potentialAction":[{"@type":"ReadAction","target":["https:\/\/laterale-residences.com\/pt-pt\/rio-bergheim\/"]}]},{"@type":"ImageObject","inLanguage":"pt-PT","@id":"https:\/\/laterale-residences.com\/pt-pt\/rio-bergheim\/#primaryimage","url":"https:\/\/laterale-residences.com\/wp-content\/uploads\/2022\/04\/Bergheim-scaled.jpg","contentUrl":"https:\/\/laterale-residences.com\/wp-content\/uploads\/2022\/04\/Bergheim-scaled.jpg","width":2560,"height":1920},{"@type":"BreadcrumbList","@id":"https:\/\/laterale-residences.com\/pt-pt\/rio-bergheim\/#breadcrumb","itemListElement":[{"@type":"ListItem","position":1,"name":"Accueil","item":"https:\/\/laterale-residences.com\/pt-pt\/rececao\/"},{"@type":"ListItem","position":2,"name":"Rio Bergheim"}]},{"@type":"WebSite","@id":"https:\/\/laterale-residences.com\/pt-pt\/#website","url":"https:\/\/laterale-residences.com\/pt-pt\/","name":"Laterale Residences","description":"Appartements Vacances Riquewihr sur la route des vins d&#039;Alsace","publisher":{"@id":"https:\/\/laterale-residences.com\/pt-pt\/#organization"},"potentialAction":[{"@type":"SearchAction","target":{"@type":"EntryPoint","urlTemplate":"https:\/\/laterale-residences.com\/pt-pt\/?s={search_term_string}"},"query-input":{"@type":"PropertyValueSpecification","valueRequired":true,"valueName":"search_term_string"}}],"inLanguage":"pt-PT"},{"@type":"Organization","@id":"https:\/\/laterale-residences.com\/pt-pt\/#organization","name":"Laterale Residences","url":"https:\/\/laterale-residences.com\/pt-pt\/","logo":{"@type":"ImageObject","inLanguage":"pt-PT","@id":"https:\/\/laterale-residences.com\/pt-pt\/#\/schema\/logo\/image\/","url":"https:\/\/laterale-residences.com\/wp-content\/uploads\/2021\/07\/logo_laterale_residences_etoiles.png","contentUrl":"https:\/\/laterale-residences.com\/wp-content\/uploads\/2021\/07\/logo_laterale_residences_etoiles.png","width":600,"height":600,"caption":"Laterale Residences"},"image":{"@id":"https:\/\/laterale-residences.com\/pt-pt\/#\/schema\/logo\/image\/"}},{"@type":"Person","@id":"https:\/\/laterale-residences.com\/pt-pt\/#\/schema\/person\/e059e7fbfe09a1de4a5070385ec9fce4","name":"contact@laterale-residences.com","image":{"@type":"ImageObject","inLanguage":"pt-PT","@id":"https:\/\/secure.gravatar.com\/avatar\/2c6c46f89a7f510c694de34f653d75e6ce9a2782a83b3663358d125500655620?s=96&d=mm&r=g","url":"https:\/\/secure.gravatar.com\/avatar\/2c6c46f89a7f510c694de34f653d75e6ce9a2782a83b3663358d125500655620?s=96&d=mm&r=g","contentUrl":"https:\/\/secure.gravatar.com\/avatar\/2c6c46f89a7f510c694de34f653d75e6ce9a2782a83b3663358d125500655620?s=96&d=mm&r=g","caption":"contact@laterale-residences.com"},"sameAs":["https:\/\/laterale-residences.com"],"worksFor":"LATERALE RESIDENCES sarl","url":"https:\/\/laterale-residences.com\/pt-pt\/author\/contactlaterale-residences-com\/"}]}},"_links":{"self":[{"href":"https:\/\/laterale-residences.com\/pt-pt\/wp-json\/wp\/v2\/posts\/6868","targetHints":{"allow":["GET"]}}],"collection":[{"href":"https:\/\/laterale-residences.com\/pt-pt\/wp-json\/wp\/v2\/posts"}],"about":[{"href":"https:\/\/laterale-residences.com\/pt-pt\/wp-json\/wp\/v2\/types\/post"}],"author":[{"embeddable":true,"href":"https:\/\/laterale-residences.com\/pt-pt\/wp-json\/wp\/v2\/users\/1"}],"replies":[{"embeddable":true,"href":"https:\/\/laterale-residences.com\/pt-pt\/wp-json\/wp\/v2\/comments?post=6868"}],"version-history":[{"count":6,"href":"https:\/\/laterale-residences.com\/pt-pt\/wp-json\/wp\/v2\/posts\/6868\/revisions"}],"predecessor-version":[{"id":14830,"href":"https:\/\/laterale-residences.com\/pt-pt\/wp-json\/wp\/v2\/posts\/6868\/revisions\/14830"}],"wp:featuredmedia":[{"embeddable":true,"href":"https:\/\/laterale-residences.com\/pt-pt\/wp-json\/wp\/v2\/media\/2247"}],"wp:attachment":[{"href":"https:\/\/laterale-residences.com\/pt-pt\/wp-json\/wp\/v2\/media?parent=6868"}],"wp:term":[{"taxonomy":"category","embeddable":true,"href":"https:\/\/laterale-residences.com\/pt-pt\/wp-json\/wp\/v2\/categories?post=6868"},{"taxonomy":"post_tag","embeddable":true,"href":"https:\/\/laterale-residences.com\/pt-pt\/wp-json\/wp\/v2\/tags?post=6868"}],"curies":[{"name":"wp","href":"https:\/\/api.w.org\/{rel}","templated":true}]}}