{"id":6797,"date":"2022-04-25T08:26:42","date_gmt":"2022-04-25T06:26:42","guid":{"rendered":"https:\/\/laterale-residences.com\/selestat\/"},"modified":"2022-07-01T09:15:48","modified_gmt":"2022-07-01T07:15:48","slug":"selestat","status":"publish","type":"post","link":"https:\/\/laterale-residences.com\/it\/selestat\/","title":{"rendered":"Selestat"},"content":{"rendered":"<p>La leggenda narra che la citt\u00e0 sia stata fondata dal gigante Sletto. La prima testimonianza scritta risale all\u2019VIII secolo, ma il sito faceva allora parte del villaggio di Kintzheim. L\u2019espansione della citt\u00e0 inizi\u00f2 nell\u2019XI secolo, quando Hildegarde de Buren, madre del primo degli Hohenstaufen, vi fond\u00f2 una chiesa che fu occupata dal 1094 da monaci di Conques, in venerazione di Sainte Foy. Questo priorato gestisce la citt\u00e0 fino a quando Federico II di Hohenstaufen non concede lo status di citt\u00e0 libera a S\u00e9lestat. Il potere poi pass\u00f2 gradualmente ai borghesi. S\u00e9lestat prosper\u00f2, divenne membro della decapoli, ampli\u00f2 le sue fortificazioni, ricevette ordini monastici e commerci\u00f2. Il Rinascimento segna il periodo glorioso della citt\u00e0 che diventa capitale dell\u2019umanesimo. La sua scuola divenne famosa in tutta Europa. La Riforma, la Guerra dei Contadini e la Guerra dei Trent\u2019anni segnano il declino di S\u00e9lestat. Dopo il Trattato di Westfalia, come il resto dell\u2019Alsazia, la citt\u00e0 divenne francese. Nuovi bastioni furono costruiti da Vauban e S\u00e9lestat divenne una citt\u00e0 di guarnigione. La citt\u00e0 trov\u00f2 allora una certa prosperit\u00e0, ma la sua espansione rimase limitata a vantaggio delle altre grandi citt\u00e0 dell\u2019Alsazia. La sua storia segue poi quella della regione.<\/p>\n<p><img fetchpriority=\"high\" decoding=\"async\" class=\"aligncenter wp-image-8973 size-full\" src=\"https:\/\/laterale-residences.com\/wp-content\/uploads\/2022\/04\/Laterale-Residences-Selestat-en-1500.jpg\" alt=\"\" width=\"1200\" height=\"584\" srcset=\"https:\/\/laterale-residences.com\/wp-content\/uploads\/2022\/04\/Laterale-Residences-Selestat-en-1500.jpg 1200w, https:\/\/laterale-residences.com\/wp-content\/uploads\/2022\/04\/Laterale-Residences-Selestat-en-1500-300x146.jpg 300w, https:\/\/laterale-residences.com\/wp-content\/uploads\/2022\/04\/Laterale-Residences-Selestat-en-1500-1024x498.jpg 1024w, https:\/\/laterale-residences.com\/wp-content\/uploads\/2022\/04\/Laterale-Residences-Selestat-en-1500-768x374.jpg 768w\" sizes=\"(max-width: 1200px) 100vw, 1200px\"><\/p>\n<p><strong>S\u00e9lestat \u2013 la citt\u00e0 fortificata intorno al 1500 d.C. JC.<\/strong><br>\nReproduction issue du Livre illustr\u00e9 : <strong>Villes fortifi\u00e9es d\u2019Alsace et ch\u00e2teaux de plaine <\/strong>de Guy Trendel (Auteur), Christophe Carmona (Illustrations)<br>\nEditore: <span class=\"a-list-item\">ID Publishing; Edizione Illustrata (1 aprile 2016)<\/span><br>\n<a href=\"https:\/\/www.amazon.fr\/Villes-fortifi%C3%A9es-dAlsace-ch%C3%A2teaux-plaine\/dp\/2367010803\/ref=asc_df_2367010803\/?tag=googshopfr-21&amp;linkCode=df0&amp;hvadid=228565470380&amp;hvpos=&amp;hvnetw=g&amp;hvrand=5364057057137916841&amp;hvpone=&amp;hvptwo=&amp;hvqmt=&amp;hvdev=c&amp;hvdvcmdl=&amp;hvlocint=&amp;hvlocphy=9055991&amp;hvtargid=pla-487873976771&amp;psc=1\" target=\"_blank\" rel=\"noopener\">Acquista il libro su Amazon<\/a><\/p>\n<h3>L\u2019inevitabile<\/h3>\n<p><strong>La Biblioteca Umanista<\/strong> : ora \u00e8 ospitata in un\u2019ex borsa del grano del XIX secolo. Vi \u00e8 presentata la biblioteca appartenuta al Beato Rhenanus, lasciata in eredit\u00e0 alla citt\u00e0, che rappresenta pi\u00f9 di 3000 documenti (manoscritti, incunaboli e stampati) che coprono un periodo che va dal VII al XVI secolo. Questo museo \u00e8 quasi unico in Europa. La biblioteca \u00e8 stata completamente rinnovata e riaperta nel 2019 con una nuova messa in risalto dei libri, in una cornice superba.<\/p>\n<p><a href=\"https:\/\/laterale-residences.com\/wp-content\/uploads\/2022\/04\/Laterale-Residences-Selestat-131430918_iOS-scaled.jpg\"><img decoding=\"async\" class=\"aligncenter wp-image-10063 size-full\" src=\"https:\/\/laterale-residences.com\/wp-content\/uploads\/2022\/04\/Laterale-Residences-Selestat-131430918_iOS-scaled.jpg\" alt=\"\" width=\"2560\" height=\"1920\" srcset=\"https:\/\/laterale-residences.com\/wp-content\/uploads\/2022\/04\/Laterale-Residences-Selestat-131430918_iOS-scaled.jpg 2560w, https:\/\/laterale-residences.com\/wp-content\/uploads\/2022\/04\/Laterale-Residences-Selestat-131430918_iOS-300x225.jpg 300w, https:\/\/laterale-residences.com\/wp-content\/uploads\/2022\/04\/Laterale-Residences-Selestat-131430918_iOS-1024x768.jpg 1024w, https:\/\/laterale-residences.com\/wp-content\/uploads\/2022\/04\/Laterale-Residences-Selestat-131430918_iOS-768x576.jpg 768w, https:\/\/laterale-residences.com\/wp-content\/uploads\/2022\/04\/Laterale-Residences-Selestat-131430918_iOS-1536x1152.jpg 1536w, https:\/\/laterale-residences.com\/wp-content\/uploads\/2022\/04\/Laterale-Residences-Selestat-131430918_iOS-2048x1536.jpg 2048w\" sizes=\"(max-width: 2560px) 100vw, 2560px\"><\/a><\/p>\n<p><a href=\"https:\/\/laterale-residences.com\/wp-content\/uploads\/2022\/04\/Laterale-Residences-Selestat-131201250_iOS-scaled.jpg\"><img decoding=\"async\" class=\"aligncenter wp-image-10041 size-full\" src=\"https:\/\/laterale-residences.com\/wp-content\/uploads\/2022\/04\/Laterale-Residences-Selestat-131201250_iOS-scaled.jpg\" alt=\"\" width=\"2560\" height=\"1920\" srcset=\"https:\/\/laterale-residences.com\/wp-content\/uploads\/2022\/04\/Laterale-Residences-Selestat-131201250_iOS-scaled.jpg 2560w, https:\/\/laterale-residences.com\/wp-content\/uploads\/2022\/04\/Laterale-Residences-Selestat-131201250_iOS-300x225.jpg 300w, https:\/\/laterale-residences.com\/wp-content\/uploads\/2022\/04\/Laterale-Residences-Selestat-131201250_iOS-1024x768.jpg 1024w, https:\/\/laterale-residences.com\/wp-content\/uploads\/2022\/04\/Laterale-Residences-Selestat-131201250_iOS-768x576.jpg 768w, https:\/\/laterale-residences.com\/wp-content\/uploads\/2022\/04\/Laterale-Residences-Selestat-131201250_iOS-1536x1152.jpg 1536w, https:\/\/laterale-residences.com\/wp-content\/uploads\/2022\/04\/Laterale-Residences-Selestat-131201250_iOS-2048x1536.jpg 2048w\" sizes=\"(max-width: 2560px) 100vw, 2560px\"><\/a><\/p>\n<p>Chiesa <strong>di Saint-Georges<\/strong> : la chiesa gotica fu costruita tra il XIII e il XVI secolo.<\/p>\n<p><a href=\"https:\/\/laterale-residences.com\/wp-content\/uploads\/2022\/04\/Selestat-Noel-01-scaled.jpg\"><img loading=\"lazy\" decoding=\"async\" class=\"aligncenter wp-image-907 size-full\" src=\"https:\/\/laterale-residences.com\/wp-content\/uploads\/2022\/04\/Selestat-Noel-01-scaled.jpg\" alt=\"\" width=\"2560\" height=\"1920\" srcset=\"https:\/\/laterale-residences.com\/wp-content\/uploads\/2022\/04\/Selestat-Noel-01-scaled.jpg 2560w, https:\/\/laterale-residences.com\/wp-content\/uploads\/2022\/04\/Selestat-Noel-01-300x225.jpg 300w, https:\/\/laterale-residences.com\/wp-content\/uploads\/2022\/04\/Selestat-Noel-01-1024x768.jpg 1024w, https:\/\/laterale-residences.com\/wp-content\/uploads\/2022\/04\/Selestat-Noel-01-768x576.jpg 768w, https:\/\/laterale-residences.com\/wp-content\/uploads\/2022\/04\/Selestat-Noel-01-1536x1152.jpg 1536w, https:\/\/laterale-residences.com\/wp-content\/uploads\/2022\/04\/Selestat-Noel-01-2048x1536.jpg 2048w\" sizes=\"(max-width: 2560px) 100vw, 2560px\"><\/a><br>\n<a href=\"https:\/\/laterale-residences.com\/wp-content\/uploads\/2022\/04\/Selestat-Noel-02-scaled.jpg\"><img loading=\"lazy\" decoding=\"async\" class=\"aligncenter wp-image-906 size-full\" src=\"https:\/\/laterale-residences.com\/wp-content\/uploads\/2022\/04\/Selestat-Noel-02-scaled.jpg\" alt=\"\" width=\"2560\" height=\"1920\" srcset=\"https:\/\/laterale-residences.com\/wp-content\/uploads\/2022\/04\/Selestat-Noel-02-scaled.jpg 2560w, https:\/\/laterale-residences.com\/wp-content\/uploads\/2022\/04\/Selestat-Noel-02-300x225.jpg 300w, https:\/\/laterale-residences.com\/wp-content\/uploads\/2022\/04\/Selestat-Noel-02-1024x768.jpg 1024w, https:\/\/laterale-residences.com\/wp-content\/uploads\/2022\/04\/Selestat-Noel-02-768x576.jpg 768w, https:\/\/laterale-residences.com\/wp-content\/uploads\/2022\/04\/Selestat-Noel-02-1536x1152.jpg 1536w, https:\/\/laterale-residences.com\/wp-content\/uploads\/2022\/04\/Selestat-Noel-02-2048x1536.jpg 2048w\" sizes=\"(max-width: 2560px) 100vw, 2560px\"><\/a><\/p>\n<p><strong>La Torre delle Streghe<\/strong> : (Place De Lattre de Tassigny) faceva parte del primo recinto della citt\u00e0 del 1216.<\/p>\n<p>Passeggia per le strade di S\u00e9lestat per scoprire molte case rinascimentali, <strong>Place du March\u00e9 aux Choux, rue Dorlan, Quai des Tanneurs, rue de la Porte de Brisach.<\/strong><\/p>\n<p><a href=\"https:\/\/laterale-residences.com\/wp-content\/uploads\/2022\/04\/Laterale-Residences-Selestat-133500850_iOS-scaled-e1651341347929.jpg\"><img loading=\"lazy\" decoding=\"async\" class=\"aligncenter wp-image-10118 size-full\" src=\"https:\/\/laterale-residences.com\/wp-content\/uploads\/2022\/04\/Laterale-Residences-Selestat-133500850_iOS-scaled-e1651341347929.jpg\" alt=\"\" width=\"1920\" height=\"2560\" srcset=\"https:\/\/laterale-residences.com\/wp-content\/uploads\/2022\/04\/Laterale-Residences-Selestat-133500850_iOS-scaled-e1651341347929.jpg 1920w, https:\/\/laterale-residences.com\/wp-content\/uploads\/2022\/04\/Laterale-Residences-Selestat-133500850_iOS-scaled-e1651341347929-225x300.jpg 225w, https:\/\/laterale-residences.com\/wp-content\/uploads\/2022\/04\/Laterale-Residences-Selestat-133500850_iOS-scaled-e1651341347929-768x1024.jpg 768w, https:\/\/laterale-residences.com\/wp-content\/uploads\/2022\/04\/Laterale-Residences-Selestat-133500850_iOS-scaled-e1651341347929-1152x1536.jpg 1152w, https:\/\/laterale-residences.com\/wp-content\/uploads\/2022\/04\/Laterale-Residences-Selestat-133500850_iOS-scaled-e1651341347929-1536x2048.jpg 1536w\" sizes=\"(max-width: 1920px) 100vw, 1920px\"><\/a><\/p>\n<p><a href=\"https:\/\/laterale-residences.com\/wp-content\/uploads\/2022\/04\/Laterale-Residences-Selestat-133355986_iOS-scaled-e1651341360358.jpg\"><img loading=\"lazy\" decoding=\"async\" class=\"aligncenter wp-image-10107 size-full\" src=\"https:\/\/laterale-residences.com\/wp-content\/uploads\/2022\/04\/Laterale-Residences-Selestat-133355986_iOS-scaled-e1651341360358.jpg\" alt=\"\" width=\"1920\" height=\"2560\" srcset=\"https:\/\/laterale-residences.com\/wp-content\/uploads\/2022\/04\/Laterale-Residences-Selestat-133355986_iOS-scaled-e1651341360358.jpg 1920w, https:\/\/laterale-residences.com\/wp-content\/uploads\/2022\/04\/Laterale-Residences-Selestat-133355986_iOS-scaled-e1651341360358-225x300.jpg 225w, https:\/\/laterale-residences.com\/wp-content\/uploads\/2022\/04\/Laterale-Residences-Selestat-133355986_iOS-scaled-e1651341360358-768x1024.jpg 768w, https:\/\/laterale-residences.com\/wp-content\/uploads\/2022\/04\/Laterale-Residences-Selestat-133355986_iOS-scaled-e1651341360358-1152x1536.jpg 1152w, https:\/\/laterale-residences.com\/wp-content\/uploads\/2022\/04\/Laterale-Residences-Selestat-133355986_iOS-scaled-e1651341360358-1536x2048.jpg 1536w\" sizes=\"(max-width: 1920px) 100vw, 1920px\"><\/a><\/p>\n<p><a href=\"https:\/\/laterale-residences.com\/wp-content\/uploads\/2022\/04\/Laterale-Residences-Selestat-125025037_iOS-scaled.jpg\"><img loading=\"lazy\" decoding=\"async\" class=\"aligncenter wp-image-9942 size-full\" src=\"https:\/\/laterale-residences.com\/wp-content\/uploads\/2022\/04\/Laterale-Residences-Selestat-125025037_iOS-scaled.jpg\" alt=\"\" width=\"2560\" height=\"1920\" srcset=\"https:\/\/laterale-residences.com\/wp-content\/uploads\/2022\/04\/Laterale-Residences-Selestat-125025037_iOS-scaled.jpg 2560w, https:\/\/laterale-residences.com\/wp-content\/uploads\/2022\/04\/Laterale-Residences-Selestat-125025037_iOS-300x225.jpg 300w, https:\/\/laterale-residences.com\/wp-content\/uploads\/2022\/04\/Laterale-Residences-Selestat-125025037_iOS-1024x768.jpg 1024w, https:\/\/laterale-residences.com\/wp-content\/uploads\/2022\/04\/Laterale-Residences-Selestat-125025037_iOS-768x576.jpg 768w, https:\/\/laterale-residences.com\/wp-content\/uploads\/2022\/04\/Laterale-Residences-Selestat-125025037_iOS-1536x1152.jpg 1536w, https:\/\/laterale-residences.com\/wp-content\/uploads\/2022\/04\/Laterale-Residences-Selestat-125025037_iOS-2048x1536.jpg 2048w\" sizes=\"(max-width: 2560px) 100vw, 2560px\"><\/a><\/p>\n<p><a href=\"https:\/\/laterale-residences.com\/wp-content\/uploads\/2022\/04\/Laterale-Residences-Selestat-103507137_iOS-scaled.jpg\"><img loading=\"lazy\" decoding=\"async\" class=\"aligncenter wp-image-9843 size-full\" src=\"https:\/\/laterale-residences.com\/wp-content\/uploads\/2022\/04\/Laterale-Residences-Selestat-103507137_iOS-scaled.jpg\" alt=\"\" width=\"2560\" height=\"1920\" srcset=\"https:\/\/laterale-residences.com\/wp-content\/uploads\/2022\/04\/Laterale-Residences-Selestat-103507137_iOS-scaled.jpg 2560w, https:\/\/laterale-residences.com\/wp-content\/uploads\/2022\/04\/Laterale-Residences-Selestat-103507137_iOS-300x225.jpg 300w, https:\/\/laterale-residences.com\/wp-content\/uploads\/2022\/04\/Laterale-Residences-Selestat-103507137_iOS-1024x768.jpg 1024w, https:\/\/laterale-residences.com\/wp-content\/uploads\/2022\/04\/Laterale-Residences-Selestat-103507137_iOS-768x576.jpg 768w, https:\/\/laterale-residences.com\/wp-content\/uploads\/2022\/04\/Laterale-Residences-Selestat-103507137_iOS-1536x1152.jpg 1536w, https:\/\/laterale-residences.com\/wp-content\/uploads\/2022\/04\/Laterale-Residences-Selestat-103507137_iOS-2048x1536.jpg 2048w\" sizes=\"(max-width: 2560px) 100vw, 2560px\"><\/a><\/p>\n<p><strong>La Torre Nuova<\/strong> : una delle porte dell\u2019antica cinta muraria costruita nel XIII secolo<\/p>\n<p><a href=\"https:\/\/laterale-residences.com\/wp-content\/uploads\/2022\/04\/Laterale-Residences-Selestat-103200890_iOS-scaled.jpg\"><img loading=\"lazy\" decoding=\"async\" class=\"aligncenter wp-image-9777 size-full\" src=\"https:\/\/laterale-residences.com\/wp-content\/uploads\/2022\/04\/Laterale-Residences-Selestat-103200890_iOS-scaled.jpg\" alt=\"\" width=\"2560\" height=\"1920\" srcset=\"https:\/\/laterale-residences.com\/wp-content\/uploads\/2022\/04\/Laterale-Residences-Selestat-103200890_iOS-scaled.jpg 2560w, https:\/\/laterale-residences.com\/wp-content\/uploads\/2022\/04\/Laterale-Residences-Selestat-103200890_iOS-300x225.jpg 300w, https:\/\/laterale-residences.com\/wp-content\/uploads\/2022\/04\/Laterale-Residences-Selestat-103200890_iOS-1024x768.jpg 1024w, https:\/\/laterale-residences.com\/wp-content\/uploads\/2022\/04\/Laterale-Residences-Selestat-103200890_iOS-768x576.jpg 768w, https:\/\/laterale-residences.com\/wp-content\/uploads\/2022\/04\/Laterale-Residences-Selestat-103200890_iOS-1536x1152.jpg 1536w, https:\/\/laterale-residences.com\/wp-content\/uploads\/2022\/04\/Laterale-Residences-Selestat-103200890_iOS-2048x1536.jpg 2048w\" sizes=\"(max-width: 2560px) 100vw, 2560px\"><\/a><\/p>\n<p><a href=\"https:\/\/laterale-residences.com\/wp-content\/uploads\/2022\/04\/Laterale-Residences-Selestat-103228449_iOS-scaled-e1651341695560.jpg\"><img loading=\"lazy\" decoding=\"async\" class=\"aligncenter wp-image-9788 size-full\" src=\"https:\/\/laterale-residences.com\/wp-content\/uploads\/2022\/04\/Laterale-Residences-Selestat-103228449_iOS-scaled-e1651341695560.jpg\" alt=\"\" width=\"1920\" height=\"2560\" srcset=\"https:\/\/laterale-residences.com\/wp-content\/uploads\/2022\/04\/Laterale-Residences-Selestat-103228449_iOS-scaled-e1651341695560.jpg 1920w, https:\/\/laterale-residences.com\/wp-content\/uploads\/2022\/04\/Laterale-Residences-Selestat-103228449_iOS-scaled-e1651341695560-225x300.jpg 225w, https:\/\/laterale-residences.com\/wp-content\/uploads\/2022\/04\/Laterale-Residences-Selestat-103228449_iOS-scaled-e1651341695560-768x1024.jpg 768w, https:\/\/laterale-residences.com\/wp-content\/uploads\/2022\/04\/Laterale-Residences-Selestat-103228449_iOS-scaled-e1651341695560-1152x1536.jpg 1152w, https:\/\/laterale-residences.com\/wp-content\/uploads\/2022\/04\/Laterale-Residences-Selestat-103228449_iOS-scaled-e1651341695560-1536x2048.jpg 1536w\" sizes=\"(max-width: 1920px) 100vw, 1920px\"><\/a><\/p>\n<p>Vai a Place de la Victoire per vedere l\u2019 <strong>Arsenale di Sainte Barbe<\/strong><\/p>\n<p><a href=\"https:\/\/laterale-residences.com\/wp-content\/uploads\/2022\/04\/IMG_1894-scaled-e1651053438543.jpg\"><img loading=\"lazy\" decoding=\"async\" class=\"aligncenter wp-image-7638 size-full\" src=\"https:\/\/laterale-residences.com\/wp-content\/uploads\/2022\/04\/IMG_1894-scaled-e1651053438543.jpg\" alt=\"\" width=\"1920\" height=\"2560\" srcset=\"https:\/\/laterale-residences.com\/wp-content\/uploads\/2022\/04\/IMG_1894-scaled-e1651053438543.jpg 1920w, https:\/\/laterale-residences.com\/wp-content\/uploads\/2022\/04\/IMG_1894-scaled-e1651053438543-225x300.jpg 225w, https:\/\/laterale-residences.com\/wp-content\/uploads\/2022\/04\/IMG_1894-scaled-e1651053438543-768x1024.jpg 768w, https:\/\/laterale-residences.com\/wp-content\/uploads\/2022\/04\/IMG_1894-scaled-e1651053438543-1152x1536.jpg 1152w, https:\/\/laterale-residences.com\/wp-content\/uploads\/2022\/04\/IMG_1894-scaled-e1651053438543-1536x2048.jpg 1536w\" sizes=\"(max-width: 1920px) 100vw, 1920px\"><\/a><\/p>\n<p>Segui <strong>rue des Chevaliers<\/strong> e vai alla Chiesa di Sainte Foy.<\/p>\n<p>Chiesa <strong>di Sainte Foy<\/strong> : chiesa romanica del XII secolo. Ha 3 torri e un magnifico portico decorato.<\/p>\n<p><a href=\"https:\/\/laterale-residences.com\/wp-content\/uploads\/2022\/04\/DSC_2324-scaled-e1650908496308.jpg\"><img loading=\"lazy\" decoding=\"async\" class=\"aligncenter wp-image-1797 size-full\" src=\"https:\/\/laterale-residences.com\/wp-content\/uploads\/2022\/04\/DSC_2324-scaled-e1650908496308.jpg\" alt=\"\" width=\"1702\" height=\"2560\" srcset=\"https:\/\/laterale-residences.com\/wp-content\/uploads\/2022\/04\/DSC_2324-scaled-e1650908496308.jpg 1702w, https:\/\/laterale-residences.com\/wp-content\/uploads\/2022\/04\/DSC_2324-scaled-e1650908496308-199x300.jpg 199w, https:\/\/laterale-residences.com\/wp-content\/uploads\/2022\/04\/DSC_2324-scaled-e1650908496308-681x1024.jpg 681w, https:\/\/laterale-residences.com\/wp-content\/uploads\/2022\/04\/DSC_2324-scaled-e1650908496308-768x1155.jpg 768w, https:\/\/laterale-residences.com\/wp-content\/uploads\/2022\/04\/DSC_2324-scaled-e1650908496308-1021x1536.jpg 1021w, https:\/\/laterale-residences.com\/wp-content\/uploads\/2022\/04\/DSC_2324-scaled-e1650908496308-1362x2048.jpg 1362w\" sizes=\"(max-width: 1702px) 100vw, 1702px\"><\/a><\/p>\n<p><a href=\"https:\/\/laterale-residences.com\/wp-content\/uploads\/2022\/04\/Laterale-Residences-Selestat-125156477_iOS-scaled-e1651341482370.jpg\"><img loading=\"lazy\" decoding=\"async\" class=\"aligncenter wp-image-9964 size-full\" src=\"https:\/\/laterale-residences.com\/wp-content\/uploads\/2022\/04\/Laterale-Residences-Selestat-125156477_iOS-scaled-e1651341482370.jpg\" alt=\"\" width=\"1920\" height=\"2560\" srcset=\"https:\/\/laterale-residences.com\/wp-content\/uploads\/2022\/04\/Laterale-Residences-Selestat-125156477_iOS-scaled-e1651341482370.jpg 1920w, https:\/\/laterale-residences.com\/wp-content\/uploads\/2022\/04\/Laterale-Residences-Selestat-125156477_iOS-scaled-e1651341482370-225x300.jpg 225w, https:\/\/laterale-residences.com\/wp-content\/uploads\/2022\/04\/Laterale-Residences-Selestat-125156477_iOS-scaled-e1651341482370-768x1024.jpg 768w, https:\/\/laterale-residences.com\/wp-content\/uploads\/2022\/04\/Laterale-Residences-Selestat-125156477_iOS-scaled-e1651341482370-1152x1536.jpg 1152w, https:\/\/laterale-residences.com\/wp-content\/uploads\/2022\/04\/Laterale-Residences-Selestat-125156477_iOS-scaled-e1651341482370-1536x2048.jpg 1536w\" sizes=\"(max-width: 1920px) 100vw, 1920px\"><\/a><\/p>\n<p><strong>Chiesa dei R\u00e9collets<\/strong> : residuo dell\u2019ex convento francescano, il suo campanile risale al XV secolo.<\/p>\n<p><a href=\"https:\/\/laterale-residences.com\/wp-content\/uploads\/2022\/05\/Laterale-Residences-Selestat-132512806_iOS-scaled-e1651434021624.jpg\"><img loading=\"lazy\" decoding=\"async\" class=\"aligncenter wp-image-10140 size-full\" src=\"https:\/\/laterale-residences.com\/wp-content\/uploads\/2022\/05\/Laterale-Residences-Selestat-132512806_iOS-scaled-e1651434021624.jpg\" alt=\"\" width=\"1920\" height=\"2560\" srcset=\"https:\/\/laterale-residences.com\/wp-content\/uploads\/2022\/05\/Laterale-Residences-Selestat-132512806_iOS-scaled-e1651434021624.jpg 1920w, https:\/\/laterale-residences.com\/wp-content\/uploads\/2022\/05\/Laterale-Residences-Selestat-132512806_iOS-scaled-e1651434021624-225x300.jpg 225w, https:\/\/laterale-residences.com\/wp-content\/uploads\/2022\/05\/Laterale-Residences-Selestat-132512806_iOS-scaled-e1651434021624-768x1024.jpg 768w, https:\/\/laterale-residences.com\/wp-content\/uploads\/2022\/05\/Laterale-Residences-Selestat-132512806_iOS-scaled-e1651434021624-1152x1536.jpg 1152w, https:\/\/laterale-residences.com\/wp-content\/uploads\/2022\/05\/Laterale-Residences-Selestat-132512806_iOS-scaled-e1651434021624-1536x2048.jpg 1536w\" sizes=\"(max-width: 1920px) 100vw, 1920px\"><\/a><\/p>\n<p><strong>La magia di S\u00e9lestat durante il Mercatino di Natale\u2026<\/strong><\/p>\n<p><a href=\"https:\/\/laterale-residences.com\/wp-content\/uploads\/2022\/04\/IMG_1309-scaled.jpg\"><img loading=\"lazy\" decoding=\"async\" class=\"aligncenter wp-image-7675 size-full\" src=\"https:\/\/laterale-residences.com\/wp-content\/uploads\/2022\/04\/IMG_1309-scaled.jpg\" alt=\"\" width=\"1920\" height=\"2560\" srcset=\"https:\/\/laterale-residences.com\/wp-content\/uploads\/2022\/04\/IMG_1309-scaled.jpg 1920w, https:\/\/laterale-residences.com\/wp-content\/uploads\/2022\/04\/IMG_1309-225x300.jpg 225w, https:\/\/laterale-residences.com\/wp-content\/uploads\/2022\/04\/IMG_1309-768x1024.jpg 768w, https:\/\/laterale-residences.com\/wp-content\/uploads\/2022\/04\/IMG_1309-1152x1536.jpg 1152w, https:\/\/laterale-residences.com\/wp-content\/uploads\/2022\/04\/IMG_1309-1536x2048.jpg 1536w\" sizes=\"(max-width: 1920px) 100vw, 1920px\"><\/a><\/p>\n<h3>Un po\u2019 di gastronomia\u2026<\/h3>\n<p><strong>RESTAURANT LES LARMES DU VIN<\/strong><br>\n2, Place d\u2019Armes 67000 SELESTAT (chiuso domenica e luned\u00ec)<\/p>\n<p><a href=\"https:\/\/laterale-residences.com\/wp-content\/uploads\/2022\/04\/Laterale-Residences-Selestat-122800940_iOS-scaled.jpg\"><img loading=\"lazy\" decoding=\"async\" class=\"aligncenter wp-image-9909 size-full\" src=\"https:\/\/laterale-residences.com\/wp-content\/uploads\/2022\/04\/Laterale-Residences-Selestat-122800940_iOS-scaled.jpg\" alt=\"Laterale Residences Selestat Larmes du Vin\" width=\"2560\" height=\"1920\" srcset=\"https:\/\/laterale-residences.com\/wp-content\/uploads\/2022\/04\/Laterale-Residences-Selestat-122800940_iOS-scaled.jpg 2560w, https:\/\/laterale-residences.com\/wp-content\/uploads\/2022\/04\/Laterale-Residences-Selestat-122800940_iOS-300x225.jpg 300w, https:\/\/laterale-residences.com\/wp-content\/uploads\/2022\/04\/Laterale-Residences-Selestat-122800940_iOS-1024x768.jpg 1024w, https:\/\/laterale-residences.com\/wp-content\/uploads\/2022\/04\/Laterale-Residences-Selestat-122800940_iOS-768x576.jpg 768w, https:\/\/laterale-residences.com\/wp-content\/uploads\/2022\/04\/Laterale-Residences-Selestat-122800940_iOS-1536x1152.jpg 1536w, https:\/\/laterale-residences.com\/wp-content\/uploads\/2022\/04\/Laterale-Residences-Selestat-122800940_iOS-2048x1536.jpg 2048w\" sizes=\"(max-width: 2560px) 100vw, 2560px\"><\/a><\/p>\n<p><a href=\"https:\/\/laterale-residences.com\/wp-content\/uploads\/2022\/04\/Laterale-Residences-Selestat-105802718_iOS-scaled.jpg\"><img loading=\"lazy\" decoding=\"async\" class=\"aligncenter wp-image-9887 size-full\" src=\"https:\/\/laterale-residences.com\/wp-content\/uploads\/2022\/04\/Laterale-Residences-Selestat-105802718_iOS-scaled.jpg\" alt=\"Laterale Residences Selestat Larmes du Vin\" width=\"2560\" height=\"1920\" srcset=\"https:\/\/laterale-residences.com\/wp-content\/uploads\/2022\/04\/Laterale-Residences-Selestat-105802718_iOS-scaled.jpg 2560w, https:\/\/laterale-residences.com\/wp-content\/uploads\/2022\/04\/Laterale-Residences-Selestat-105802718_iOS-300x225.jpg 300w, https:\/\/laterale-residences.com\/wp-content\/uploads\/2022\/04\/Laterale-Residences-Selestat-105802718_iOS-1024x768.jpg 1024w, https:\/\/laterale-residences.com\/wp-content\/uploads\/2022\/04\/Laterale-Residences-Selestat-105802718_iOS-768x576.jpg 768w, https:\/\/laterale-residences.com\/wp-content\/uploads\/2022\/04\/Laterale-Residences-Selestat-105802718_iOS-1536x1152.jpg 1536w, https:\/\/laterale-residences.com\/wp-content\/uploads\/2022\/04\/Laterale-Residences-Selestat-105802718_iOS-2048x1536.jpg 2048w\" sizes=\"(max-width: 2560px) 100vw, 2560px\"><\/a><\/p>\n<h3>Alcuni indirizzi per una dolce pausa\u2026<\/h3>\n<p><strong>P\u00c2TISSERIE SALON DE TH\u00c9 KAMM<\/strong><br>\n15, rue des Clefs \u2013 67600 \u2013 S\u00e9lestat \u2013 Francia<br>\n<strong>P\u00c2TISSERIE KOFFEL-SONNTAG<\/strong><br>\n2 e 10, rue du 17-novembre \u2013 67600 \u2013 S\u00e9lestat \u2013 Francia<br>\n<strong>P\u00c2TISSERIE SALON DE TH\u00c9 BENOIT WACH<\/strong><br>\n7, rue des Chevaliers \u2013 67600 \u2013 S\u00e9lestat \u2013 Francia<\/p>\n","protected":false},"excerpt":{"rendered":"<p>La leggenda narra che la citt\u00e0 sia stata fondata dal gigante Sletto. La prima testimonianza scritta risale all&#8217;VIII secolo, ma il sito faceva allora parte del villaggio di Kintzheim. L&#8217;espansione della citt\u00e0 inizi\u00f2 nell&#8217;XI secolo, quando Hildegarde de Buren, madre del primo degli Hohenstaufen, vi fond\u00f2 una chiesa che fu occupata dal 1094 da monaci di Conques, in venerazione di Sainte Foy.<br \/>\nQuesto priorato gestisce la citt\u00e0 fino a quando Federico II di Hohenstaufen non concede lo status di citt\u00e0 libera a S\u00e9lestat. <\/p>\n","protected":false},"author":1,"featured_media":7633,"comment_status":"open","ping_status":"closed","sticky":false,"template":"","format":"standard","meta":{"_acf_changed":false,"footnotes":""},"categories":[84],"tags":[],"class_list":["post-6797","post","type-post","status-publish","format-standard","has-post-thumbnail","hentry","category-i-borghi-piu-belli"],"acf":[],"yoast_head":"<!-- This site is optimized with the Yoast SEO Premium plugin v21.7 (Yoast SEO v27.4) - https:\/\/yoast.com\/product\/yoast-seo-premium-wordpress\/ -->\n<title>Selestat - Laterale Residences<\/title>\n<meta name=\"robots\" content=\"index, follow, max-snippet:-1, max-image-preview:large, max-video-preview:-1\" \/>\n<link rel=\"canonical\" href=\"https:\/\/laterale-residences.com\/it\/selestat\/\" \/>\n<meta property=\"og:locale\" content=\"it_IT\" \/>\n<meta property=\"og:type\" content=\"article\" \/>\n<meta property=\"og:title\" content=\"Selestat\" \/>\n<meta property=\"og:description\" content=\"La leggenda narra che la citt\u00e0 sia stata fondata dal gigante Sletto. La prima testimonianza scritta risale all&#039;VIII secolo, ma il sito faceva allora parte del villaggio di Kintzheim. L&#039;espansione della citt\u00e0 inizi\u00f2 nell&#039;XI secolo, quando Hildegarde de Buren, madre del primo degli Hohenstaufen, vi fond\u00f2 una chiesa che fu occupata dal 1094 da monaci di Conques, in venerazione di Sainte Foy. Questo priorato gestisce la citt\u00e0 fino a quando Federico II di Hohenstaufen non concede lo status di citt\u00e0 libera a S\u00e9lestat.\" \/>\n<meta property=\"og:url\" content=\"https:\/\/laterale-residences.com\/it\/selestat\/\" \/>\n<meta property=\"og:site_name\" content=\"Laterale Residences\" \/>\n<meta property=\"article:published_time\" content=\"2022-04-25T06:26:42+00:00\" \/>\n<meta property=\"article:modified_time\" content=\"2022-07-01T07:15:48+00:00\" \/>\n<meta property=\"og:image\" content=\"https:\/\/laterale-residences.com\/wp-content\/uploads\/2022\/04\/IMG_1893-scaled.jpg\" \/>\n\t<meta property=\"og:image:width\" content=\"2560\" \/>\n\t<meta property=\"og:image:height\" content=\"1920\" \/>\n\t<meta property=\"og:image:type\" content=\"image\/jpeg\" \/>\n<meta name=\"author\" content=\"contact@laterale-residences.com\" \/>\n<meta name=\"twitter:card\" content=\"summary_large_image\" \/>\n<meta name=\"twitter:label1\" content=\"Scritto da\" \/>\n\t<meta name=\"twitter:data1\" content=\"contact@laterale-residences.com\" \/>\n\t<meta name=\"twitter:label2\" content=\"Tempo di lettura stimato\" \/>\n\t<meta name=\"twitter:data2\" content=\"3 minuti\" \/>\n<script type=\"application\/ld+json\" class=\"yoast-schema-graph\">{\"@context\":\"https:\\\/\\\/schema.org\",\"@graph\":[{\"@type\":\"Article\",\"@id\":\"https:\\\/\\\/laterale-residences.com\\\/it\\\/selestat\\\/#article\",\"isPartOf\":{\"@id\":\"https:\\\/\\\/laterale-residences.com\\\/it\\\/selestat\\\/\"},\"author\":{\"name\":\"contact@laterale-residences.com\",\"@id\":\"https:\\\/\\\/laterale-residences.com\\\/it\\\/#\\\/schema\\\/person\\\/e059e7fbfe09a1de4a5070385ec9fce4\"},\"headline\":\"Selestat\",\"datePublished\":\"2022-04-25T06:26:42+00:00\",\"dateModified\":\"2022-07-01T07:15:48+00:00\",\"mainEntityOfPage\":{\"@id\":\"https:\\\/\\\/laterale-residences.com\\\/it\\\/selestat\\\/\"},\"wordCount\":532,\"commentCount\":0,\"publisher\":{\"@id\":\"https:\\\/\\\/laterale-residences.com\\\/it\\\/#organization\"},\"image\":{\"@id\":\"https:\\\/\\\/laterale-residences.com\\\/it\\\/selestat\\\/#primaryimage\"},\"thumbnailUrl\":\"https:\\\/\\\/laterale-residences.com\\\/wp-content\\\/uploads\\\/2022\\\/04\\\/IMG_1893-scaled.jpg\",\"articleSection\":[\"I borghi pi\u00f9 belli\"],\"inLanguage\":\"it-IT\",\"potentialAction\":[{\"@type\":\"CommentAction\",\"name\":\"Comment\",\"target\":[\"https:\\\/\\\/laterale-residences.com\\\/it\\\/selestat\\\/#respond\"]}]},{\"@type\":\"WebPage\",\"@id\":\"https:\\\/\\\/laterale-residences.com\\\/it\\\/selestat\\\/\",\"url\":\"https:\\\/\\\/laterale-residences.com\\\/it\\\/selestat\\\/\",\"name\":\"Selestat - Laterale Residences\",\"isPartOf\":{\"@id\":\"https:\\\/\\\/laterale-residences.com\\\/it\\\/#website\"},\"primaryImageOfPage\":{\"@id\":\"https:\\\/\\\/laterale-residences.com\\\/it\\\/selestat\\\/#primaryimage\"},\"image\":{\"@id\":\"https:\\\/\\\/laterale-residences.com\\\/it\\\/selestat\\\/#primaryimage\"},\"thumbnailUrl\":\"https:\\\/\\\/laterale-residences.com\\\/wp-content\\\/uploads\\\/2022\\\/04\\\/IMG_1893-scaled.jpg\",\"datePublished\":\"2022-04-25T06:26:42+00:00\",\"dateModified\":\"2022-07-01T07:15:48+00:00\",\"breadcrumb\":{\"@id\":\"https:\\\/\\\/laterale-residences.com\\\/it\\\/selestat\\\/#breadcrumb\"},\"inLanguage\":\"it-IT\",\"potentialAction\":[{\"@type\":\"ReadAction\",\"target\":[\"https:\\\/\\\/laterale-residences.com\\\/it\\\/selestat\\\/\"]}]},{\"@type\":\"ImageObject\",\"inLanguage\":\"it-IT\",\"@id\":\"https:\\\/\\\/laterale-residences.com\\\/it\\\/selestat\\\/#primaryimage\",\"url\":\"https:\\\/\\\/laterale-residences.com\\\/wp-content\\\/uploads\\\/2022\\\/04\\\/IMG_1893-scaled.jpg\",\"contentUrl\":\"https:\\\/\\\/laterale-residences.com\\\/wp-content\\\/uploads\\\/2022\\\/04\\\/IMG_1893-scaled.jpg\",\"width\":2560,\"height\":1920},{\"@type\":\"BreadcrumbList\",\"@id\":\"https:\\\/\\\/laterale-residences.com\\\/it\\\/selestat\\\/#breadcrumb\",\"itemListElement\":[{\"@type\":\"ListItem\",\"position\":1,\"name\":\"Accueil\",\"item\":\"https:\\\/\\\/laterale-residences.com\\\/it\\\/accoglienza\\\/\"},{\"@type\":\"ListItem\",\"position\":2,\"name\":\"Selestat\"}]},{\"@type\":\"WebSite\",\"@id\":\"https:\\\/\\\/laterale-residences.com\\\/it\\\/#website\",\"url\":\"https:\\\/\\\/laterale-residences.com\\\/it\\\/\",\"name\":\"Laterale Residences\",\"description\":\"Appartements Vacances Riquewihr sur la route des vins d&#039;Alsace\",\"publisher\":{\"@id\":\"https:\\\/\\\/laterale-residences.com\\\/it\\\/#organization\"},\"potentialAction\":[{\"@type\":\"SearchAction\",\"target\":{\"@type\":\"EntryPoint\",\"urlTemplate\":\"https:\\\/\\\/laterale-residences.com\\\/it\\\/?s={search_term_string}\"},\"query-input\":{\"@type\":\"PropertyValueSpecification\",\"valueRequired\":true,\"valueName\":\"search_term_string\"}}],\"inLanguage\":\"it-IT\"},{\"@type\":\"Organization\",\"@id\":\"https:\\\/\\\/laterale-residences.com\\\/it\\\/#organization\",\"name\":\"Laterale Residences\",\"url\":\"https:\\\/\\\/laterale-residences.com\\\/it\\\/\",\"logo\":{\"@type\":\"ImageObject\",\"inLanguage\":\"it-IT\",\"@id\":\"https:\\\/\\\/laterale-residences.com\\\/it\\\/#\\\/schema\\\/logo\\\/image\\\/\",\"url\":\"https:\\\/\\\/laterale-residences.com\\\/wp-content\\\/uploads\\\/2021\\\/07\\\/logo_laterale_residences_etoiles.png\",\"contentUrl\":\"https:\\\/\\\/laterale-residences.com\\\/wp-content\\\/uploads\\\/2021\\\/07\\\/logo_laterale_residences_etoiles.png\",\"width\":600,\"height\":600,\"caption\":\"Laterale Residences\"},\"image\":{\"@id\":\"https:\\\/\\\/laterale-residences.com\\\/it\\\/#\\\/schema\\\/logo\\\/image\\\/\"}},{\"@type\":\"Person\",\"@id\":\"https:\\\/\\\/laterale-residences.com\\\/it\\\/#\\\/schema\\\/person\\\/e059e7fbfe09a1de4a5070385ec9fce4\",\"name\":\"contact@laterale-residences.com\",\"image\":{\"@type\":\"ImageObject\",\"inLanguage\":\"it-IT\",\"@id\":\"https:\\\/\\\/secure.gravatar.com\\\/avatar\\\/2c6c46f89a7f510c694de34f653d75e6ce9a2782a83b3663358d125500655620?s=96&d=mm&r=g\",\"url\":\"https:\\\/\\\/secure.gravatar.com\\\/avatar\\\/2c6c46f89a7f510c694de34f653d75e6ce9a2782a83b3663358d125500655620?s=96&d=mm&r=g\",\"contentUrl\":\"https:\\\/\\\/secure.gravatar.com\\\/avatar\\\/2c6c46f89a7f510c694de34f653d75e6ce9a2782a83b3663358d125500655620?s=96&d=mm&r=g\",\"caption\":\"contact@laterale-residences.com\"},\"sameAs\":[\"https:\\\/\\\/laterale-residences.com\"],\"worksFor\":\"LATERALE RESIDENCES sarl\",\"url\":\"https:\\\/\\\/laterale-residences.com\\\/it\\\/author\\\/contactlaterale-residences-com\\\/\"}]}<\/script>\n<!-- \/ Yoast SEO Premium plugin. -->","yoast_head_json":{"title":"Selestat - Laterale Residences","robots":{"index":"index","follow":"follow","max-snippet":"max-snippet:-1","max-image-preview":"max-image-preview:large","max-video-preview":"max-video-preview:-1"},"canonical":"https:\/\/laterale-residences.com\/it\/selestat\/","og_locale":"it_IT","og_type":"article","og_title":"Selestat","og_description":"La leggenda narra che la citt\u00e0 sia stata fondata dal gigante Sletto. La prima testimonianza scritta risale all'VIII secolo, ma il sito faceva allora parte del villaggio di Kintzheim. L'espansione della citt\u00e0 inizi\u00f2 nell'XI secolo, quando Hildegarde de Buren, madre del primo degli Hohenstaufen, vi fond\u00f2 una chiesa che fu occupata dal 1094 da monaci di Conques, in venerazione di Sainte Foy. Questo priorato gestisce la citt\u00e0 fino a quando Federico II di Hohenstaufen non concede lo status di citt\u00e0 libera a S\u00e9lestat.","og_url":"https:\/\/laterale-residences.com\/it\/selestat\/","og_site_name":"Laterale Residences","article_published_time":"2022-04-25T06:26:42+00:00","article_modified_time":"2022-07-01T07:15:48+00:00","og_image":[{"width":2560,"height":1920,"url":"https:\/\/laterale-residences.com\/wp-content\/uploads\/2022\/04\/IMG_1893-scaled.jpg","type":"image\/jpeg"}],"author":"contact@laterale-residences.com","twitter_card":"summary_large_image","twitter_misc":{"Scritto da":"contact@laterale-residences.com","Tempo di lettura stimato":"3 minuti"},"schema":{"@context":"https:\/\/schema.org","@graph":[{"@type":"Article","@id":"https:\/\/laterale-residences.com\/it\/selestat\/#article","isPartOf":{"@id":"https:\/\/laterale-residences.com\/it\/selestat\/"},"author":{"name":"contact@laterale-residences.com","@id":"https:\/\/laterale-residences.com\/it\/#\/schema\/person\/e059e7fbfe09a1de4a5070385ec9fce4"},"headline":"Selestat","datePublished":"2022-04-25T06:26:42+00:00","dateModified":"2022-07-01T07:15:48+00:00","mainEntityOfPage":{"@id":"https:\/\/laterale-residences.com\/it\/selestat\/"},"wordCount":532,"commentCount":0,"publisher":{"@id":"https:\/\/laterale-residences.com\/it\/#organization"},"image":{"@id":"https:\/\/laterale-residences.com\/it\/selestat\/#primaryimage"},"thumbnailUrl":"https:\/\/laterale-residences.com\/wp-content\/uploads\/2022\/04\/IMG_1893-scaled.jpg","articleSection":["I borghi pi\u00f9 belli"],"inLanguage":"it-IT","potentialAction":[{"@type":"CommentAction","name":"Comment","target":["https:\/\/laterale-residences.com\/it\/selestat\/#respond"]}]},{"@type":"WebPage","@id":"https:\/\/laterale-residences.com\/it\/selestat\/","url":"https:\/\/laterale-residences.com\/it\/selestat\/","name":"Selestat - Laterale Residences","isPartOf":{"@id":"https:\/\/laterale-residences.com\/it\/#website"},"primaryImageOfPage":{"@id":"https:\/\/laterale-residences.com\/it\/selestat\/#primaryimage"},"image":{"@id":"https:\/\/laterale-residences.com\/it\/selestat\/#primaryimage"},"thumbnailUrl":"https:\/\/laterale-residences.com\/wp-content\/uploads\/2022\/04\/IMG_1893-scaled.jpg","datePublished":"2022-04-25T06:26:42+00:00","dateModified":"2022-07-01T07:15:48+00:00","breadcrumb":{"@id":"https:\/\/laterale-residences.com\/it\/selestat\/#breadcrumb"},"inLanguage":"it-IT","potentialAction":[{"@type":"ReadAction","target":["https:\/\/laterale-residences.com\/it\/selestat\/"]}]},{"@type":"ImageObject","inLanguage":"it-IT","@id":"https:\/\/laterale-residences.com\/it\/selestat\/#primaryimage","url":"https:\/\/laterale-residences.com\/wp-content\/uploads\/2022\/04\/IMG_1893-scaled.jpg","contentUrl":"https:\/\/laterale-residences.com\/wp-content\/uploads\/2022\/04\/IMG_1893-scaled.jpg","width":2560,"height":1920},{"@type":"BreadcrumbList","@id":"https:\/\/laterale-residences.com\/it\/selestat\/#breadcrumb","itemListElement":[{"@type":"ListItem","position":1,"name":"Accueil","item":"https:\/\/laterale-residences.com\/it\/accoglienza\/"},{"@type":"ListItem","position":2,"name":"Selestat"}]},{"@type":"WebSite","@id":"https:\/\/laterale-residences.com\/it\/#website","url":"https:\/\/laterale-residences.com\/it\/","name":"Laterale Residences","description":"Appartements Vacances Riquewihr sur la route des vins d&#039;Alsace","publisher":{"@id":"https:\/\/laterale-residences.com\/it\/#organization"},"potentialAction":[{"@type":"SearchAction","target":{"@type":"EntryPoint","urlTemplate":"https:\/\/laterale-residences.com\/it\/?s={search_term_string}"},"query-input":{"@type":"PropertyValueSpecification","valueRequired":true,"valueName":"search_term_string"}}],"inLanguage":"it-IT"},{"@type":"Organization","@id":"https:\/\/laterale-residences.com\/it\/#organization","name":"Laterale Residences","url":"https:\/\/laterale-residences.com\/it\/","logo":{"@type":"ImageObject","inLanguage":"it-IT","@id":"https:\/\/laterale-residences.com\/it\/#\/schema\/logo\/image\/","url":"https:\/\/laterale-residences.com\/wp-content\/uploads\/2021\/07\/logo_laterale_residences_etoiles.png","contentUrl":"https:\/\/laterale-residences.com\/wp-content\/uploads\/2021\/07\/logo_laterale_residences_etoiles.png","width":600,"height":600,"caption":"Laterale Residences"},"image":{"@id":"https:\/\/laterale-residences.com\/it\/#\/schema\/logo\/image\/"}},{"@type":"Person","@id":"https:\/\/laterale-residences.com\/it\/#\/schema\/person\/e059e7fbfe09a1de4a5070385ec9fce4","name":"contact@laterale-residences.com","image":{"@type":"ImageObject","inLanguage":"it-IT","@id":"https:\/\/secure.gravatar.com\/avatar\/2c6c46f89a7f510c694de34f653d75e6ce9a2782a83b3663358d125500655620?s=96&d=mm&r=g","url":"https:\/\/secure.gravatar.com\/avatar\/2c6c46f89a7f510c694de34f653d75e6ce9a2782a83b3663358d125500655620?s=96&d=mm&r=g","contentUrl":"https:\/\/secure.gravatar.com\/avatar\/2c6c46f89a7f510c694de34f653d75e6ce9a2782a83b3663358d125500655620?s=96&d=mm&r=g","caption":"contact@laterale-residences.com"},"sameAs":["https:\/\/laterale-residences.com"],"worksFor":"LATERALE RESIDENCES sarl","url":"https:\/\/laterale-residences.com\/it\/author\/contactlaterale-residences-com\/"}]}},"_links":{"self":[{"href":"https:\/\/laterale-residences.com\/it\/wp-json\/wp\/v2\/posts\/6797","targetHints":{"allow":["GET"]}}],"collection":[{"href":"https:\/\/laterale-residences.com\/it\/wp-json\/wp\/v2\/posts"}],"about":[{"href":"https:\/\/laterale-residences.com\/it\/wp-json\/wp\/v2\/types\/post"}],"author":[{"embeddable":true,"href":"https:\/\/laterale-residences.com\/it\/wp-json\/wp\/v2\/users\/1"}],"replies":[{"embeddable":true,"href":"https:\/\/laterale-residences.com\/it\/wp-json\/wp\/v2\/comments?post=6797"}],"version-history":[{"count":12,"href":"https:\/\/laterale-residences.com\/it\/wp-json\/wp\/v2\/posts\/6797\/revisions"}],"predecessor-version":[{"id":14811,"href":"https:\/\/laterale-residences.com\/it\/wp-json\/wp\/v2\/posts\/6797\/revisions\/14811"}],"wp:featuredmedia":[{"embeddable":true,"href":"https:\/\/laterale-residences.com\/it\/wp-json\/wp\/v2\/media\/7633"}],"wp:attachment":[{"href":"https:\/\/laterale-residences.com\/it\/wp-json\/wp\/v2\/media?parent=6797"}],"wp:term":[{"taxonomy":"category","embeddable":true,"href":"https:\/\/laterale-residences.com\/it\/wp-json\/wp\/v2\/categories?post=6797"},{"taxonomy":"post_tag","embeddable":true,"href":"https:\/\/laterale-residences.com\/it\/wp-json\/wp\/v2\/tags?post=6797"}],"curies":[{"name":"wp","href":"https:\/\/api.w.org\/{rel}","templated":true}]}}