{"id":11143,"date":"2022-04-20T17:25:00","date_gmt":"2022-04-20T15:25:00","guid":{"rendered":"https:\/\/laterale-residences.com\/sfilata-dei-fiori\/"},"modified":"2024-02-18T18:57:40","modified_gmt":"2024-02-18T17:57:40","slug":"sfilata-dei-fiori","status":"publish","type":"post","link":"https:\/\/laterale-residences.com\/it\/sfilata-dei-fiori\/","title":{"rendered":"Sfilata dei fiori"},"content":{"rendered":"<p><strong>S\u00e9lestat \u2013 Sabato 12 e domenica 13 agosto 2023<\/strong><\/p>\n<p><strong>Un po\u2019 di storia<\/strong><br>\nL\u2019inizio della manifestazione risale al 1927, quando il Congresso degli Orti Operai dell\u2019Alsazia organizz\u00f2 una modesta processione di fiori per promuovere la tradizione dell\u2019orticoltura della regione. Di fronte al successo della processione, il sindaco di S\u00e9lestat Auguste Bronner organizz\u00f2 ufficialmente nel 1929 la prima sfilata di fiori, che permise a S\u00e9lestat di inserirsi nella tradizione delle feste popolari locali.<\/p>\n<p><img fetchpriority=\"high\" decoding=\"async\" class=\"aligncenter wp-image-11365 size-full\" src=\"https:\/\/laterale-residences.com\/wp-content\/uploads\/2022\/05\/Laterale-Residences-Selestat-Corso-Fleuri-02_affiche-corso-1929.jpg\" alt=\"\" width=\"800\" height=\"609\" srcset=\"https:\/\/laterale-residences.com\/wp-content\/uploads\/2022\/05\/Laterale-Residences-Selestat-Corso-Fleuri-02_affiche-corso-1929.jpg 800w, https:\/\/laterale-residences.com\/wp-content\/uploads\/2022\/05\/Laterale-Residences-Selestat-Corso-Fleuri-02_affiche-corso-1929-300x228.jpg 300w, https:\/\/laterale-residences.com\/wp-content\/uploads\/2022\/05\/Laterale-Residences-Selestat-Corso-Fleuri-02_affiche-corso-1929-768x585.jpg 768w\" sizes=\"(max-width: 800px) 100vw, 800px\"><\/p>\n<p><img decoding=\"async\" class=\"aligncenter wp-image-11375 size-full\" src=\"https:\/\/laterale-residences.com\/wp-content\/uploads\/2022\/05\/Laterale-Residences-Selestat-Corso-Fleuri-02_auto-fleurie-corso-corso-1927.jpg\" alt=\"\" width=\"800\" height=\"589\" srcset=\"https:\/\/laterale-residences.com\/wp-content\/uploads\/2022\/05\/Laterale-Residences-Selestat-Corso-Fleuri-02_auto-fleurie-corso-corso-1927.jpg 800w, https:\/\/laterale-residences.com\/wp-content\/uploads\/2022\/05\/Laterale-Residences-Selestat-Corso-Fleuri-02_auto-fleurie-corso-corso-1927-300x221.jpg 300w, https:\/\/laterale-residences.com\/wp-content\/uploads\/2022\/05\/Laterale-Residences-Selestat-Corso-Fleuri-02_auto-fleurie-corso-corso-1927-768x565.jpg 768w\" sizes=\"(max-width: 800px) 100vw, 800px\"><\/p>\n<p>Inoltre, la citt\u00e0 ha una cultura della dalia profondamente radicata nella sua storia. La dalia, un fiore originario dell\u2019America Latina, ha fatto la reputazione della sfilata di fiori di S\u00e9lestat dal 1929 e uno dei pi\u00f9 conosciuti del Grand Est.<\/p>\n<p><img decoding=\"async\" class=\"aligncenter wp-image-11385 size-full\" src=\"https:\/\/laterale-residences.com\/wp-content\/uploads\/2022\/05\/Laterale-Residences-Selestat-Corso-Fleuri-02_auto-fleurie-corso.jpg\" alt=\"\" width=\"800\" height=\"523\" srcset=\"https:\/\/laterale-residences.com\/wp-content\/uploads\/2022\/05\/Laterale-Residences-Selestat-Corso-Fleuri-02_auto-fleurie-corso.jpg 800w, https:\/\/laterale-residences.com\/wp-content\/uploads\/2022\/05\/Laterale-Residences-Selestat-Corso-Fleuri-02_auto-fleurie-corso-300x196.jpg 300w, https:\/\/laterale-residences.com\/wp-content\/uploads\/2022\/05\/Laterale-Residences-Selestat-Corso-Fleuri-02_auto-fleurie-corso-768x502.jpg 768w\" sizes=\"(max-width: 800px) 100vw, 800px\"><\/p>\n<p>Negli anni \u201930, l\u2019automobile e la bicicletta ebbero un posto d\u2019onore durante le prime sfilate.<br>\nLe \u201cmacchine floreali\u201d percorrono la citt\u00e0, addobbate di fiori, accompagnate da musica e pubblicit\u00e0 di marchi locali. A ci\u00f2 si aggiunge una glorificazione dell\u2019Impero coloniale francese, cos\u00ec come delle vecchie corporazioni commerciali, risalenti all\u2019Antico Regime, di cui gli attuali \u201ccompagni di servizio\u201d sono un\u2019eredit\u00e0. Il successo della sfilata dei fiori ha rapidamente guadagnato slancio.<\/p>\n<p><img loading=\"lazy\" decoding=\"async\" class=\"aligncenter wp-image-11305 size-full\" src=\"https:\/\/laterale-residences.com\/wp-content\/uploads\/2022\/05\/Laterale-Residences-Selestat-Corso-Fleuri-02-corso-programme-tintin_a50e1833b0.jpg\" alt=\"\" width=\"800\" height=\"1132\" srcset=\"https:\/\/laterale-residences.com\/wp-content\/uploads\/2022\/05\/Laterale-Residences-Selestat-Corso-Fleuri-02-corso-programme-tintin_a50e1833b0.jpg 800w, https:\/\/laterale-residences.com\/wp-content\/uploads\/2022\/05\/Laterale-Residences-Selestat-Corso-Fleuri-02-corso-programme-tintin_a50e1833b0-212x300.jpg 212w, https:\/\/laterale-residences.com\/wp-content\/uploads\/2022\/05\/Laterale-Residences-Selestat-Corso-Fleuri-02-corso-programme-tintin_a50e1833b0-724x1024.jpg 724w, https:\/\/laterale-residences.com\/wp-content\/uploads\/2022\/05\/Laterale-Residences-Selestat-Corso-Fleuri-02-corso-programme-tintin_a50e1833b0-768x1087.jpg 768w\" sizes=\"(max-width: 800px) 100vw, 800px\"><\/p>\n<p>Dal 1954 il corso dei fiori diventa tematico, con il primo tema \u201cfavole\u201d. Ogni anno, i tank designer sono invitati ad arricchire questo tema in modo originale. Inoltre, dal 1960, la sfilata dei fiori \u00e8 continuata dopo le 22:00 e ha offerto una sfilata notturna. Alcuni temi segnano particolarmente gli spiriti, in particolare l\u2019anno 1978 e il suo \u201cgiro mondiale\u201d, o l\u2019anno 1986 e il suo omaggio al personaggio di Herg\u00e9, Tintin, sotto il nome di \u201cTintin nella terra delle dalie\u201d.<\/p>\n<p>Servono quattro mesi di lavoro per organizzare la sfilata dei fiori. I carri vengono prima immaginati da artisti, i cui progetti vengono poi utilizzati dalle maestranze cittadine per la loro realizzazione. Le strutture sono in metallo o legno. Quindi, una settimana prima dei festeggiamenti, i carri vengono accesi, aggiungendo cavi luminosi per la sfilata notturna. Infine, venerd\u00ec sera, quasi 500.000 dalie consentiranno la sfilata dei carri il sabato dalle 18:00, davanti a un pubblico di quasi 25.000 persone.<\/p>\n<p>I festeggiamenti durano tutto il fine settimana. Oltre alla sfilata, ci sono concerti, eventi folcloristici e di gusto come la fiera del vino S\u00e9lestat. Uno spettacolo pirotecnico chiude il corso il sabato sera a mezzanotte, il cui design visivo \u00e8 adattato al tema annuale. La domenica \u00e8 dedicata al proseguimento dei festeggiamenti, in particolare all\u2019esibizione all\u2019aperto dei carri allegorici, nonch\u00e9 \u2013 fatto degno di nota \u2013 all\u2019intronizzazione dei nuovi membri della confraternita degli Zewwelatreppler, o \u201ccalpestando le cipolle\u201d creata nel 1964 , in omaggio alla tradizione orticola della citt\u00e0.<\/p>\n<p><img loading=\"lazy\" decoding=\"async\" class=\"aligncenter wp-image-11355 size-full\" src=\"https:\/\/laterale-residences.com\/wp-content\/uploads\/2022\/05\/Laterale-Residences-Selestat-Corso-Fleuri-02.jpg\" alt=\"\" width=\"1200\" height=\"900\" srcset=\"https:\/\/laterale-residences.com\/wp-content\/uploads\/2022\/05\/Laterale-Residences-Selestat-Corso-Fleuri-02.jpg 1200w, https:\/\/laterale-residences.com\/wp-content\/uploads\/2022\/05\/Laterale-Residences-Selestat-Corso-Fleuri-02-300x225.jpg 300w, https:\/\/laterale-residences.com\/wp-content\/uploads\/2022\/05\/Laterale-Residences-Selestat-Corso-Fleuri-02-1024x768.jpg 1024w, https:\/\/laterale-residences.com\/wp-content\/uploads\/2022\/05\/Laterale-Residences-Selestat-Corso-Fleuri-02-768x576.jpg 768w\" sizes=\"(max-width: 1200px) 100vw, 1200px\"><\/p>\n<p><img loading=\"lazy\" decoding=\"async\" class=\"aligncenter wp-image-11335 size-full\" src=\"https:\/\/laterale-residences.com\/wp-content\/uploads\/2022\/05\/Laterale-Residences-Selestat-Corso-Fleuri-02c-%C2%A9-Ville-de-Se%CC%81lestat-scaled.jpg\" alt=\"\" width=\"2560\" height=\"1920\"><\/p>\n<p><strong>Dopo una pausa di 2 anni, il Corso Fleuri, che festeggia il suo 93\u00b0 anniversario, torna nel 2022.<\/strong><\/p>\n<p>Con i suoi dodici carri fioriti, questo evento di punta della citt\u00e0 di S\u00e9lestat ti porter\u00e0 in una passeggiata che unisce natura e cenni all\u2019Europa, il tema della citt\u00e0 per quest\u2019anno 2022. Dalle foreste nordiche alle leggende, usi e costumi europei, il pubblico sar\u00e0 portato a lasciarsi trasportare in questo viaggio colorato.<\/p>\n<p>Tante attivit\u00e0 festive vi aspettano nel centro cittadino: eventi musicali, folcloristici e ambulatoriali, piazza dei bambini\u2026<\/p>\n<p><strong>Alcune immagini\u2026<\/strong><\/p>\n<p><img loading=\"lazy\" decoding=\"async\" class=\"aligncenter wp-image-11113 \" src=\"https:\/\/laterale-residences.com\/wp-content\/uploads\/2022\/05\/Laterale-Residences-Selestat-Corso-Fleuri-01f.jpg\" alt=\"\" width=\"824\" height=\"549\" srcset=\"https:\/\/laterale-residences.com\/wp-content\/uploads\/2022\/05\/Laterale-Residences-Selestat-Corso-Fleuri-01f.jpg 765w, https:\/\/laterale-residences.com\/wp-content\/uploads\/2022\/05\/Laterale-Residences-Selestat-Corso-Fleuri-01f-300x200.jpg 300w\" sizes=\"(max-width: 824px) 100vw, 824px\"><br>\n<img loading=\"lazy\" decoding=\"async\" class=\"aligncenter wp-image-11103 \" src=\"https:\/\/laterale-residences.com\/wp-content\/uploads\/2022\/05\/Laterale-Residences-Selestat-Corso-Fleuri-01h.jpg\" alt=\"\" width=\"785\" height=\"537\" srcset=\"https:\/\/laterale-residences.com\/wp-content\/uploads\/2022\/05\/Laterale-Residences-Selestat-Corso-Fleuri-01h.jpg 745w, https:\/\/laterale-residences.com\/wp-content\/uploads\/2022\/05\/Laterale-Residences-Selestat-Corso-Fleuri-01h-300x205.jpg 300w\" sizes=\"(max-width: 785px) 100vw, 785px\"><\/p>\n<p><img loading=\"lazy\" decoding=\"async\" class=\"aligncenter wp-image-11123 \" src=\"https:\/\/laterale-residences.com\/wp-content\/uploads\/2022\/05\/Laterale-Residences-Selestat-Corso-Fleuri-01m.jpg\" alt=\"\" width=\"782\" height=\"537\" srcset=\"https:\/\/laterale-residences.com\/wp-content\/uploads\/2022\/05\/Laterale-Residences-Selestat-Corso-Fleuri-01m.jpg 743w, https:\/\/laterale-residences.com\/wp-content\/uploads\/2022\/05\/Laterale-Residences-Selestat-Corso-Fleuri-01m-300x206.jpg 300w\" sizes=\"(max-width: 782px) 100vw, 782px\"><\/p>\n<p><strong>Sabato 13 agosto<\/strong> vi invitiamo a condividere questo momento clou dell\u2019estate selestadiana:<\/p>\n<p>16:00: Animazione in centro<br>\n18:00: Processione diurna<br>\n22:00: Processione notturna<br>\nMezzanotte: Fuochi d\u2019artificio al lago navigabile (vicino alla piscina coperta)<\/p>\n<p>Con il Corso libero, <strong>domenica 14 agosto<\/strong> prolungher\u00e0 la festa in maniera pi\u00f9 modesta con l\u2019esposizione di 12 carri allegorici, la Fiera del Vino, eventi folcloristici in Place de la Victoire, o l\u2019intronizzazione dei nuovi membri della confraternita di Zewwelatreppler.<\/p>\n<p><strong>Accesso libero<\/strong><br>\n Posto in tribuna: 20\u20ac per le 2 processioni, 12\u20ac per una singola processione<br>\nPrevendita dei posti in tribuna: S\u00e9lestat Haut-Koenigsbourg Tourisme allo 03 88 58 87 20 fino a sabato 10 agosto alle 15 (entro il limite delle scorte disponibili).<\/p>\n<p><a href=\"https:\/\/www.selestat.fr\/se-divertir-a-selestat\/corso-fleuri.html\" target=\"_blank\" rel=\"noopener\">Saperne di pi\u00f9\u2026<\/a><\/p>\n","protected":false},"excerpt":{"rendered":"<p>S\u00e9lestat &#8211; Sabato 12 e domenica 13 agosto 2023.<br \/>\nDopo una pausa di due anni, il Corso Fleuri, che festeggia il suo 93\u00b0 anniversario, torner\u00e0 nel 2022.<br \/>\nCon i suoi dodici carri fioriti, questo evento di punta della citt\u00e0 di S\u00e9lestat ti porter\u00e0 in una passeggiata che unisce natura e cenni all&#8217;Europa, il tema della citt\u00e0 per quest&#8217;anno 2022. Dalle foreste nordiche alle leggende, usi e costumi europei, il pubblico sar\u00e0 portato a lasciarsi trasportare in questo viaggio colorato.<\/p>\n","protected":false},"author":1,"featured_media":11058,"comment_status":"open","ping_status":"closed","sticky":false,"template":"","format":"standard","meta":{"_acf_changed":false,"footnotes":""},"categories":[86],"tags":[],"class_list":["post-11143","post","type-post","status-publish","format-standard","has-post-thumbnail","hentry","category-notizia"],"acf":[],"yoast_head":"<!-- This site is optimized with the Yoast SEO Premium plugin v21.7 (Yoast SEO v27.5) - https:\/\/yoast.com\/product\/yoast-seo-premium-wordpress\/ -->\n<title>Sfilata dei fiori - Laterale Residences<\/title>\n<meta name=\"robots\" content=\"index, follow, max-snippet:-1, max-image-preview:large, max-video-preview:-1\" \/>\n<link rel=\"canonical\" href=\"https:\/\/laterale-residences.com\/it\/sfilata-dei-fiori\/\" \/>\n<meta property=\"og:locale\" content=\"it_IT\" \/>\n<meta property=\"og:type\" content=\"article\" \/>\n<meta property=\"og:title\" content=\"Sfilata dei fiori\" \/>\n<meta property=\"og:description\" content=\"S\u00e9lestat - Sabato 12 e domenica 13 agosto 2023. Dopo una pausa di due anni, il Corso Fleuri, che festeggia il suo 93\u00b0 anniversario, torner\u00e0 nel 2022. Con i suoi dodici carri fioriti, questo evento di punta della citt\u00e0 di S\u00e9lestat ti porter\u00e0 in una passeggiata che unisce natura e cenni all&#039;Europa, il tema della citt\u00e0 per quest&#039;anno 2022. Dalle foreste nordiche alle leggende, usi e costumi europei, il pubblico sar\u00e0 portato a lasciarsi trasportare in questo viaggio colorato.\" \/>\n<meta property=\"og:url\" content=\"https:\/\/laterale-residences.com\/it\/sfilata-dei-fiori\/\" \/>\n<meta property=\"og:site_name\" content=\"Laterale Residences\" \/>\n<meta property=\"article:published_time\" content=\"2022-04-20T15:25:00+00:00\" \/>\n<meta property=\"article:modified_time\" content=\"2024-02-18T17:57:40+00:00\" \/>\n<meta property=\"og:image\" content=\"https:\/\/laterale-residences.com\/wp-content\/uploads\/2022\/05\/Laterale-Residences-Selestat-Corso-Fleuri-01a.jpg\" \/>\n\t<meta property=\"og:image:width\" content=\"269\" \/>\n\t<meta property=\"og:image:height\" content=\"187\" \/>\n\t<meta property=\"og:image:type\" content=\"image\/jpeg\" \/>\n<meta name=\"author\" content=\"contact@laterale-residences.com\" \/>\n<meta name=\"twitter:card\" content=\"summary_large_image\" \/>\n<meta name=\"twitter:label1\" content=\"Scritto da\" \/>\n\t<meta name=\"twitter:data1\" content=\"contact@laterale-residences.com\" \/>\n\t<meta name=\"twitter:label2\" content=\"Tempo di lettura stimato\" \/>\n\t<meta name=\"twitter:data2\" content=\"3 minuti\" \/>\n<script type=\"application\/ld+json\" class=\"yoast-schema-graph\">{\"@context\":\"https:\\\/\\\/schema.org\",\"@graph\":[{\"@type\":\"Article\",\"@id\":\"https:\\\/\\\/laterale-residences.com\\\/it\\\/sfilata-dei-fiori\\\/#article\",\"isPartOf\":{\"@id\":\"https:\\\/\\\/laterale-residences.com\\\/it\\\/sfilata-dei-fiori\\\/\"},\"author\":{\"name\":\"contact@laterale-residences.com\",\"@id\":\"https:\\\/\\\/laterale-residences.com\\\/it\\\/#\\\/schema\\\/person\\\/e059e7fbfe09a1de4a5070385ec9fce4\"},\"headline\":\"Sfilata dei fiori\",\"datePublished\":\"2022-04-20T15:25:00+00:00\",\"dateModified\":\"2024-02-18T17:57:40+00:00\",\"mainEntityOfPage\":{\"@id\":\"https:\\\/\\\/laterale-residences.com\\\/it\\\/sfilata-dei-fiori\\\/\"},\"wordCount\":624,\"commentCount\":0,\"publisher\":{\"@id\":\"https:\\\/\\\/laterale-residences.com\\\/it\\\/#organization\"},\"image\":{\"@id\":\"https:\\\/\\\/laterale-residences.com\\\/it\\\/sfilata-dei-fiori\\\/#primaryimage\"},\"thumbnailUrl\":\"https:\\\/\\\/laterale-residences.com\\\/wp-content\\\/uploads\\\/2022\\\/05\\\/Laterale-Residences-Selestat-Corso-Fleuri-01a.jpg\",\"articleSection\":[\"Notizia\"],\"inLanguage\":\"it-IT\",\"potentialAction\":[{\"@type\":\"CommentAction\",\"name\":\"Comment\",\"target\":[\"https:\\\/\\\/laterale-residences.com\\\/it\\\/sfilata-dei-fiori\\\/#respond\"]}]},{\"@type\":\"WebPage\",\"@id\":\"https:\\\/\\\/laterale-residences.com\\\/it\\\/sfilata-dei-fiori\\\/\",\"url\":\"https:\\\/\\\/laterale-residences.com\\\/it\\\/sfilata-dei-fiori\\\/\",\"name\":\"Sfilata dei fiori - Laterale Residences\",\"isPartOf\":{\"@id\":\"https:\\\/\\\/laterale-residences.com\\\/it\\\/#website\"},\"primaryImageOfPage\":{\"@id\":\"https:\\\/\\\/laterale-residences.com\\\/it\\\/sfilata-dei-fiori\\\/#primaryimage\"},\"image\":{\"@id\":\"https:\\\/\\\/laterale-residences.com\\\/it\\\/sfilata-dei-fiori\\\/#primaryimage\"},\"thumbnailUrl\":\"https:\\\/\\\/laterale-residences.com\\\/wp-content\\\/uploads\\\/2022\\\/05\\\/Laterale-Residences-Selestat-Corso-Fleuri-01a.jpg\",\"datePublished\":\"2022-04-20T15:25:00+00:00\",\"dateModified\":\"2024-02-18T17:57:40+00:00\",\"breadcrumb\":{\"@id\":\"https:\\\/\\\/laterale-residences.com\\\/it\\\/sfilata-dei-fiori\\\/#breadcrumb\"},\"inLanguage\":\"it-IT\",\"potentialAction\":[{\"@type\":\"ReadAction\",\"target\":[\"https:\\\/\\\/laterale-residences.com\\\/it\\\/sfilata-dei-fiori\\\/\"]}]},{\"@type\":\"ImageObject\",\"inLanguage\":\"it-IT\",\"@id\":\"https:\\\/\\\/laterale-residences.com\\\/it\\\/sfilata-dei-fiori\\\/#primaryimage\",\"url\":\"https:\\\/\\\/laterale-residences.com\\\/wp-content\\\/uploads\\\/2022\\\/05\\\/Laterale-Residences-Selestat-Corso-Fleuri-01a.jpg\",\"contentUrl\":\"https:\\\/\\\/laterale-residences.com\\\/wp-content\\\/uploads\\\/2022\\\/05\\\/Laterale-Residences-Selestat-Corso-Fleuri-01a.jpg\",\"width\":269,\"height\":187},{\"@type\":\"BreadcrumbList\",\"@id\":\"https:\\\/\\\/laterale-residences.com\\\/it\\\/sfilata-dei-fiori\\\/#breadcrumb\",\"itemListElement\":[{\"@type\":\"ListItem\",\"position\":1,\"name\":\"Accueil\",\"item\":\"https:\\\/\\\/laterale-residences.com\\\/it\\\/accoglienza\\\/\"},{\"@type\":\"ListItem\",\"position\":2,\"name\":\"Sfilata dei fiori\"}]},{\"@type\":\"WebSite\",\"@id\":\"https:\\\/\\\/laterale-residences.com\\\/it\\\/#website\",\"url\":\"https:\\\/\\\/laterale-residences.com\\\/it\\\/\",\"name\":\"Laterale Residences\",\"description\":\"Appartements Vacances Riquewihr sur la route des vins d&#039;Alsace\",\"publisher\":{\"@id\":\"https:\\\/\\\/laterale-residences.com\\\/it\\\/#organization\"},\"potentialAction\":[{\"@type\":\"SearchAction\",\"target\":{\"@type\":\"EntryPoint\",\"urlTemplate\":\"https:\\\/\\\/laterale-residences.com\\\/it\\\/?s={search_term_string}\"},\"query-input\":{\"@type\":\"PropertyValueSpecification\",\"valueRequired\":true,\"valueName\":\"search_term_string\"}}],\"inLanguage\":\"it-IT\"},{\"@type\":\"Organization\",\"@id\":\"https:\\\/\\\/laterale-residences.com\\\/it\\\/#organization\",\"name\":\"Laterale Residences\",\"url\":\"https:\\\/\\\/laterale-residences.com\\\/it\\\/\",\"logo\":{\"@type\":\"ImageObject\",\"inLanguage\":\"it-IT\",\"@id\":\"https:\\\/\\\/laterale-residences.com\\\/it\\\/#\\\/schema\\\/logo\\\/image\\\/\",\"url\":\"https:\\\/\\\/laterale-residences.com\\\/wp-content\\\/uploads\\\/2021\\\/07\\\/logo_laterale_residences_etoiles.png\",\"contentUrl\":\"https:\\\/\\\/laterale-residences.com\\\/wp-content\\\/uploads\\\/2021\\\/07\\\/logo_laterale_residences_etoiles.png\",\"width\":600,\"height\":600,\"caption\":\"Laterale Residences\"},\"image\":{\"@id\":\"https:\\\/\\\/laterale-residences.com\\\/it\\\/#\\\/schema\\\/logo\\\/image\\\/\"}},{\"@type\":\"Person\",\"@id\":\"https:\\\/\\\/laterale-residences.com\\\/it\\\/#\\\/schema\\\/person\\\/e059e7fbfe09a1de4a5070385ec9fce4\",\"name\":\"contact@laterale-residences.com\",\"image\":{\"@type\":\"ImageObject\",\"inLanguage\":\"it-IT\",\"@id\":\"https:\\\/\\\/secure.gravatar.com\\\/avatar\\\/2c6c46f89a7f510c694de34f653d75e6ce9a2782a83b3663358d125500655620?s=96&d=mm&r=g\",\"url\":\"https:\\\/\\\/secure.gravatar.com\\\/avatar\\\/2c6c46f89a7f510c694de34f653d75e6ce9a2782a83b3663358d125500655620?s=96&d=mm&r=g\",\"contentUrl\":\"https:\\\/\\\/secure.gravatar.com\\\/avatar\\\/2c6c46f89a7f510c694de34f653d75e6ce9a2782a83b3663358d125500655620?s=96&d=mm&r=g\",\"caption\":\"contact@laterale-residences.com\"},\"sameAs\":[\"https:\\\/\\\/laterale-residences.com\"],\"worksFor\":\"LATERALE RESIDENCES sarl\",\"url\":\"https:\\\/\\\/laterale-residences.com\\\/it\\\/author\\\/contactlaterale-residences-com\\\/\"}]}<\/script>\n<!-- \/ Yoast SEO Premium plugin. -->","yoast_head_json":{"title":"Sfilata dei fiori - Laterale Residences","robots":{"index":"index","follow":"follow","max-snippet":"max-snippet:-1","max-image-preview":"max-image-preview:large","max-video-preview":"max-video-preview:-1"},"canonical":"https:\/\/laterale-residences.com\/it\/sfilata-dei-fiori\/","og_locale":"it_IT","og_type":"article","og_title":"Sfilata dei fiori","og_description":"S\u00e9lestat - Sabato 12 e domenica 13 agosto 2023. Dopo una pausa di due anni, il Corso Fleuri, che festeggia il suo 93\u00b0 anniversario, torner\u00e0 nel 2022. Con i suoi dodici carri fioriti, questo evento di punta della citt\u00e0 di S\u00e9lestat ti porter\u00e0 in una passeggiata che unisce natura e cenni all'Europa, il tema della citt\u00e0 per quest'anno 2022. Dalle foreste nordiche alle leggende, usi e costumi europei, il pubblico sar\u00e0 portato a lasciarsi trasportare in questo viaggio colorato.","og_url":"https:\/\/laterale-residences.com\/it\/sfilata-dei-fiori\/","og_site_name":"Laterale Residences","article_published_time":"2022-04-20T15:25:00+00:00","article_modified_time":"2024-02-18T17:57:40+00:00","og_image":[{"width":269,"height":187,"url":"https:\/\/laterale-residences.com\/wp-content\/uploads\/2022\/05\/Laterale-Residences-Selestat-Corso-Fleuri-01a.jpg","type":"image\/jpeg"}],"author":"contact@laterale-residences.com","twitter_card":"summary_large_image","twitter_misc":{"Scritto da":"contact@laterale-residences.com","Tempo di lettura stimato":"3 minuti"},"schema":{"@context":"https:\/\/schema.org","@graph":[{"@type":"Article","@id":"https:\/\/laterale-residences.com\/it\/sfilata-dei-fiori\/#article","isPartOf":{"@id":"https:\/\/laterale-residences.com\/it\/sfilata-dei-fiori\/"},"author":{"name":"contact@laterale-residences.com","@id":"https:\/\/laterale-residences.com\/it\/#\/schema\/person\/e059e7fbfe09a1de4a5070385ec9fce4"},"headline":"Sfilata dei fiori","datePublished":"2022-04-20T15:25:00+00:00","dateModified":"2024-02-18T17:57:40+00:00","mainEntityOfPage":{"@id":"https:\/\/laterale-residences.com\/it\/sfilata-dei-fiori\/"},"wordCount":624,"commentCount":0,"publisher":{"@id":"https:\/\/laterale-residences.com\/it\/#organization"},"image":{"@id":"https:\/\/laterale-residences.com\/it\/sfilata-dei-fiori\/#primaryimage"},"thumbnailUrl":"https:\/\/laterale-residences.com\/wp-content\/uploads\/2022\/05\/Laterale-Residences-Selestat-Corso-Fleuri-01a.jpg","articleSection":["Notizia"],"inLanguage":"it-IT","potentialAction":[{"@type":"CommentAction","name":"Comment","target":["https:\/\/laterale-residences.com\/it\/sfilata-dei-fiori\/#respond"]}]},{"@type":"WebPage","@id":"https:\/\/laterale-residences.com\/it\/sfilata-dei-fiori\/","url":"https:\/\/laterale-residences.com\/it\/sfilata-dei-fiori\/","name":"Sfilata dei fiori - Laterale Residences","isPartOf":{"@id":"https:\/\/laterale-residences.com\/it\/#website"},"primaryImageOfPage":{"@id":"https:\/\/laterale-residences.com\/it\/sfilata-dei-fiori\/#primaryimage"},"image":{"@id":"https:\/\/laterale-residences.com\/it\/sfilata-dei-fiori\/#primaryimage"},"thumbnailUrl":"https:\/\/laterale-residences.com\/wp-content\/uploads\/2022\/05\/Laterale-Residences-Selestat-Corso-Fleuri-01a.jpg","datePublished":"2022-04-20T15:25:00+00:00","dateModified":"2024-02-18T17:57:40+00:00","breadcrumb":{"@id":"https:\/\/laterale-residences.com\/it\/sfilata-dei-fiori\/#breadcrumb"},"inLanguage":"it-IT","potentialAction":[{"@type":"ReadAction","target":["https:\/\/laterale-residences.com\/it\/sfilata-dei-fiori\/"]}]},{"@type":"ImageObject","inLanguage":"it-IT","@id":"https:\/\/laterale-residences.com\/it\/sfilata-dei-fiori\/#primaryimage","url":"https:\/\/laterale-residences.com\/wp-content\/uploads\/2022\/05\/Laterale-Residences-Selestat-Corso-Fleuri-01a.jpg","contentUrl":"https:\/\/laterale-residences.com\/wp-content\/uploads\/2022\/05\/Laterale-Residences-Selestat-Corso-Fleuri-01a.jpg","width":269,"height":187},{"@type":"BreadcrumbList","@id":"https:\/\/laterale-residences.com\/it\/sfilata-dei-fiori\/#breadcrumb","itemListElement":[{"@type":"ListItem","position":1,"name":"Accueil","item":"https:\/\/laterale-residences.com\/it\/accoglienza\/"},{"@type":"ListItem","position":2,"name":"Sfilata dei fiori"}]},{"@type":"WebSite","@id":"https:\/\/laterale-residences.com\/it\/#website","url":"https:\/\/laterale-residences.com\/it\/","name":"Laterale Residences","description":"Appartements Vacances Riquewihr sur la route des vins d&#039;Alsace","publisher":{"@id":"https:\/\/laterale-residences.com\/it\/#organization"},"potentialAction":[{"@type":"SearchAction","target":{"@type":"EntryPoint","urlTemplate":"https:\/\/laterale-residences.com\/it\/?s={search_term_string}"},"query-input":{"@type":"PropertyValueSpecification","valueRequired":true,"valueName":"search_term_string"}}],"inLanguage":"it-IT"},{"@type":"Organization","@id":"https:\/\/laterale-residences.com\/it\/#organization","name":"Laterale Residences","url":"https:\/\/laterale-residences.com\/it\/","logo":{"@type":"ImageObject","inLanguage":"it-IT","@id":"https:\/\/laterale-residences.com\/it\/#\/schema\/logo\/image\/","url":"https:\/\/laterale-residences.com\/wp-content\/uploads\/2021\/07\/logo_laterale_residences_etoiles.png","contentUrl":"https:\/\/laterale-residences.com\/wp-content\/uploads\/2021\/07\/logo_laterale_residences_etoiles.png","width":600,"height":600,"caption":"Laterale Residences"},"image":{"@id":"https:\/\/laterale-residences.com\/it\/#\/schema\/logo\/image\/"}},{"@type":"Person","@id":"https:\/\/laterale-residences.com\/it\/#\/schema\/person\/e059e7fbfe09a1de4a5070385ec9fce4","name":"contact@laterale-residences.com","image":{"@type":"ImageObject","inLanguage":"it-IT","@id":"https:\/\/secure.gravatar.com\/avatar\/2c6c46f89a7f510c694de34f653d75e6ce9a2782a83b3663358d125500655620?s=96&d=mm&r=g","url":"https:\/\/secure.gravatar.com\/avatar\/2c6c46f89a7f510c694de34f653d75e6ce9a2782a83b3663358d125500655620?s=96&d=mm&r=g","contentUrl":"https:\/\/secure.gravatar.com\/avatar\/2c6c46f89a7f510c694de34f653d75e6ce9a2782a83b3663358d125500655620?s=96&d=mm&r=g","caption":"contact@laterale-residences.com"},"sameAs":["https:\/\/laterale-residences.com"],"worksFor":"LATERALE RESIDENCES sarl","url":"https:\/\/laterale-residences.com\/it\/author\/contactlaterale-residences-com\/"}]}},"_links":{"self":[{"href":"https:\/\/laterale-residences.com\/it\/wp-json\/wp\/v2\/posts\/11143","targetHints":{"allow":["GET"]}}],"collection":[{"href":"https:\/\/laterale-residences.com\/it\/wp-json\/wp\/v2\/posts"}],"about":[{"href":"https:\/\/laterale-residences.com\/it\/wp-json\/wp\/v2\/types\/post"}],"author":[{"embeddable":true,"href":"https:\/\/laterale-residences.com\/it\/wp-json\/wp\/v2\/users\/1"}],"replies":[{"embeddable":true,"href":"https:\/\/laterale-residences.com\/it\/wp-json\/wp\/v2\/comments?post=11143"}],"version-history":[{"count":6,"href":"https:\/\/laterale-residences.com\/it\/wp-json\/wp\/v2\/posts\/11143\/revisions"}],"predecessor-version":[{"id":17902,"href":"https:\/\/laterale-residences.com\/it\/wp-json\/wp\/v2\/posts\/11143\/revisions\/17902"}],"wp:featuredmedia":[{"embeddable":true,"href":"https:\/\/laterale-residences.com\/it\/wp-json\/wp\/v2\/media\/11058"}],"wp:attachment":[{"href":"https:\/\/laterale-residences.com\/it\/wp-json\/wp\/v2\/media?parent=11143"}],"wp:term":[{"taxonomy":"category","embeddable":true,"href":"https:\/\/laterale-residences.com\/it\/wp-json\/wp\/v2\/categories?post=11143"},{"taxonomy":"post_tag","embeddable":true,"href":"https:\/\/laterale-residences.com\/it\/wp-json\/wp\/v2\/tags?post=11143"}],"curies":[{"name":"wp","href":"https:\/\/api.w.org\/{rel}","templated":true}]}}