{"id":6689,"date":"2021-07-27T15:46:56","date_gmt":"2021-07-27T13:46:56","guid":{"rendered":"https:\/\/laterale-residences.com\/visite-alsacia-en-bicicleta\/"},"modified":"2024-02-18T18:57:28","modified_gmt":"2024-02-18T17:57:28","slug":"visite-alsacia-en-bicicleta","status":"publish","type":"post","link":"https:\/\/laterale-residences.com\/es\/visite-alsacia-en-bicicleta\/","title":{"rendered":"Visite Alsacia en bicicleta&#8230;"},"content":{"rendered":"\r\n<p>La route des vins est un itin\u00e9raire enchanteur qui invite \u00e0 la d\u00e9couverte de la r\u00e9gion de ses vignerons et de leurs caves qui renferment tout le savoir authentique \u00e0 l\u2019\u00e9laboration des grands vins d\u2019Alsace. LATERALE RESIDENCES vous invite \u00e0 d\u00e9couvrir \u00e0 travers diff\u00e9rentes balades \u00e0 v\u00e9lo avec assistance \u00e9lectrique la plus c\u00e9l\u00e8bre route des vins de France. Les moins sportifs vont se sentir pousser des ailes.<\/p>\r\n<h2 class=\"wp-block-heading\">Cicloturismo Alsa<\/h2>\r\n\r\n<p><a href=\"http:\/\/alsacyclotours.alsace\/\">http:\/\/alsacyclotours.alsace\/<\/a><\/p>\r\n<p><strong>(+33) 03 69 45 92 70<\/strong><\/p>\r\n\r\n<p><img decoding=\"async\" class=\"wp-image-1502 alignright\" src=\"https:\/\/laterale-residences.com\/wp-content\/uploads\/2022\/04\/logo_alsa_cyclo_tours_bg_white_250.png\" alt=\"\" width=\"209\" height=\"209\" srcset=\"https:\/\/laterale-residences.com\/wp-content\/uploads\/2022\/04\/logo_alsa_cyclo_tours_bg_white_250.png 250w, https:\/\/laterale-residences.com\/wp-content\/uploads\/2022\/04\/logo_alsa_cyclo_tours_bg_white_250-150x150.png 150w\" sizes=\"(max-width: 209px) 100vw, 209px\"><\/p>\r\n<p><span class=\"LrzXr\">3 Rue de Pairis, 68420 Eguisheim<\/span><\/p>\r\n<p>Lunes Cerrado<br>Martes 09:15\u201312:45, 14:15\u201317:45<br>Mi\u00e9rcoles 09:15\u201312:45, 14:15\u201317:45<br>Jueves 09:15\u201312:45, 14:15\u201317:45<br>Viernes 09:15\u201312:45, 14:15\u201317:45<br>S\u00e1bado 9:15 a. m.\u201312:45 p. m., 2:15 p. m.\u20135:45 p. m.<br>Domingo 9:15 a. m.\u201312:45 p. m., 2:15 p. m.\u20135:45 p. m.<\/p>\r\n<h2>\u00a0<\/h2>\r\n<h2>Ribo Cycles<\/h2>\r\n<p><\/p>\r\n<p><strong>(+33) 03 89 73 72 94<\/strong><\/p>\r\n<p><\/p>\r\n<p><span class=\"LrzXr\">17 rue de Landau, 68150 Ribeauville<\/span><\/p>\r\n<p>Lunes Cerrado<br>Martes 09:00\u201312:00, 14:00\u201318:00<br>Mi\u00e9rcoles 09:00\u201312:00, 14:00\u201318:00<br>Jueves 09:00\u201312:00, 14:00\u201318:00<br>Viernes 09:00\u201312:00, 14:00\u201318:00<br>S\u00e1bado 09:00\u201312:00, 14:00\u201317:00<br>Domingo Cerrado<\/p>\r\n<p>\u00a0<\/p>\r\n<h2>Loueurs de v\u00e9los &amp; Circuits en Alsace\u00a0\u00a0\u00a0 <img decoding=\"async\" class=\"wp-image-1509 alignright\" src=\"https:\/\/laterale-residences.com\/wp-content\/uploads\/2022\/04\/visuel_application_mars.png\" alt=\"\" width=\"159\" height=\"159\" srcset=\"https:\/\/laterale-residences.com\/wp-content\/uploads\/2022\/04\/visuel_application_mars.png 175w, https:\/\/laterale-residences.com\/wp-content\/uploads\/2022\/04\/visuel_application_mars-150x150.png 150w\" sizes=\"(max-width: 159px) 100vw, 159px\"><\/h2>\r\n<p><\/p>\r\n<p>\u00bfEst\u00e1 de vacaciones en Alsacia y quiere alquilar una bicicleta para una excursi\u00f3n de un d\u00eda, o descubrir toda Alsacia en bicicleta sin preocuparse por la ruta de su veh\u00edculo de dos ruedas? Consulta la lista de empresas de alquiler de bicicletas en toda la regi\u00f3n. Tiendas de bicicletas, proveedores de alojamiento y oficinas de turismo podr\u00e1n sugerir buenas ofertas para descubrir Alsacia en bicicleta. \u00a1Prueba la experiencia de la bicicleta el\u00e9ctricamente asistida (VAE) y sube a las cumbres de los Vosgos! <br>Encuentra el circuito o paseo en bicicleta que m\u00e1s te convenga entre todas las rutas que te ofrece Alsacia en bicicleta.<\/p>\r\n<p><a href=\"https:\/\/www.alsaceavelo.fr\/services\/ou-louer-un-velo.html?a=1&amp;elcriterio%5B%5D=1900461&amp;modalidad%5B%5D=1909895&amp;minimo%5B%5D=&amp;maximo%5B%5D=&amp;calctot=0&amp;limitstart=0&amp;lstjelm_46000089=lstjelm_46000089_2\" target=\"_blank\" rel=\"noopener\">https:\/\/www.alsaceavelo.fr<\/a><\/p>\r\n\r\n<p>\u00a0<\/p>\r\n\r\n<p>\u00a0<\/p>\r\n","protected":false},"excerpt":{"rendered":"<p>D\u00f3nde alquilar bicicletas el\u00e9ctricas para descubrir la ruta del vino m\u00e1s famosa de Francia. Prepare su viaje con la web \u00abALsace \u00e0 v\u00e9lo\u00bb &#8230; Lea el art\u00edculo para saber m\u00e1s&#8230;<\/p>\n","protected":false},"author":1,"featured_media":5470,"comment_status":"open","ping_status":"closed","sticky":false,"template":"","format":"standard","meta":{"_acf_changed":false,"footnotes":""},"categories":[211],"tags":[],"class_list":["post-6689","post","type-post","status-publish","format-standard","has-post-thumbnail","hentry","category-deporte"],"acf":[],"yoast_head":"<!-- This site is optimized with the Yoast SEO Premium plugin v21.7 (Yoast SEO v27.5) - https:\/\/yoast.com\/product\/yoast-seo-premium-wordpress\/ -->\n<title>Visite Alsacia en bicicleta... - Laterale Residences<\/title>\n<meta name=\"robots\" content=\"index, follow, max-snippet:-1, max-image-preview:large, max-video-preview:-1\" \/>\n<link rel=\"canonical\" href=\"https:\/\/laterale-residences.com\/es\/visite-alsacia-en-bicicleta\/\" \/>\n<meta property=\"og:locale\" content=\"es_ES\" \/>\n<meta property=\"og:type\" content=\"article\" \/>\n<meta property=\"og:title\" content=\"Visite Alsacia en bicicleta...\" \/>\n<meta property=\"og:description\" content=\"D\u00f3nde alquilar bicicletas el\u00e9ctricas para descubrir la ruta del vino m\u00e1s famosa de Francia. Prepare su viaje con la web &quot;ALsace \u00e0 v\u00e9lo&quot; ... Lea el art\u00edculo para saber m\u00e1s...\" \/>\n<meta property=\"og:url\" content=\"https:\/\/laterale-residences.com\/es\/visite-alsacia-en-bicicleta\/\" \/>\n<meta property=\"og:site_name\" content=\"Laterale Residences\" \/>\n<meta property=\"article:published_time\" content=\"2021-07-27T13:46:56+00:00\" \/>\n<meta property=\"article:modified_time\" content=\"2024-02-18T17:57:28+00:00\" \/>\n<meta property=\"og:image\" content=\"https:\/\/laterale-residences.com\/wp-content\/uploads\/2022\/04\/253001199-alsa-cyclo-tours-lalsace-grandeur-nature-1-1600x900-1.jpg\" \/>\n\t<meta property=\"og:image:width\" content=\"1600\" \/>\n\t<meta property=\"og:image:height\" content=\"900\" \/>\n\t<meta property=\"og:image:type\" content=\"image\/jpeg\" \/>\n<meta name=\"author\" content=\"contact@laterale-residences.com\" \/>\n<meta name=\"twitter:card\" content=\"summary_large_image\" \/>\n<meta name=\"twitter:label1\" content=\"Escrito por\" \/>\n\t<meta name=\"twitter:data1\" content=\"contact@laterale-residences.com\" \/>\n\t<meta name=\"twitter:label2\" content=\"Tiempo de lectura\" \/>\n\t<meta name=\"twitter:data2\" content=\"1 minuto\" \/>\n<script type=\"application\/ld+json\" class=\"yoast-schema-graph\">{\"@context\":\"https:\\\/\\\/schema.org\",\"@graph\":[{\"@type\":\"Article\",\"@id\":\"https:\\\/\\\/laterale-residences.com\\\/es\\\/visite-alsacia-en-bicicleta\\\/#article\",\"isPartOf\":{\"@id\":\"https:\\\/\\\/laterale-residences.com\\\/es\\\/visite-alsacia-en-bicicleta\\\/\"},\"author\":{\"name\":\"contact@laterale-residences.com\",\"@id\":\"https:\\\/\\\/laterale-residences.com\\\/es\\\/#\\\/schema\\\/person\\\/e059e7fbfe09a1de4a5070385ec9fce4\"},\"headline\":\"Visite Alsacia en bicicleta&#8230;\",\"datePublished\":\"2021-07-27T13:46:56+00:00\",\"dateModified\":\"2024-02-18T17:57:28+00:00\",\"mainEntityOfPage\":{\"@id\":\"https:\\\/\\\/laterale-residences.com\\\/es\\\/visite-alsacia-en-bicicleta\\\/\"},\"wordCount\":248,\"commentCount\":0,\"publisher\":{\"@id\":\"https:\\\/\\\/laterale-residences.com\\\/es\\\/#organization\"},\"image\":{\"@id\":\"https:\\\/\\\/laterale-residences.com\\\/es\\\/visite-alsacia-en-bicicleta\\\/#primaryimage\"},\"thumbnailUrl\":\"https:\\\/\\\/laterale-residences.com\\\/wp-content\\\/uploads\\\/2022\\\/04\\\/253001199-alsa-cyclo-tours-lalsace-grandeur-nature-1-1600x900-1.jpg\",\"articleSection\":[\"Deporte\"],\"inLanguage\":\"es\",\"potentialAction\":[{\"@type\":\"CommentAction\",\"name\":\"Comment\",\"target\":[\"https:\\\/\\\/laterale-residences.com\\\/es\\\/visite-alsacia-en-bicicleta\\\/#respond\"]}]},{\"@type\":\"WebPage\",\"@id\":\"https:\\\/\\\/laterale-residences.com\\\/es\\\/visite-alsacia-en-bicicleta\\\/\",\"url\":\"https:\\\/\\\/laterale-residences.com\\\/es\\\/visite-alsacia-en-bicicleta\\\/\",\"name\":\"Visite Alsacia en bicicleta... - Laterale Residences\",\"isPartOf\":{\"@id\":\"https:\\\/\\\/laterale-residences.com\\\/es\\\/#website\"},\"primaryImageOfPage\":{\"@id\":\"https:\\\/\\\/laterale-residences.com\\\/es\\\/visite-alsacia-en-bicicleta\\\/#primaryimage\"},\"image\":{\"@id\":\"https:\\\/\\\/laterale-residences.com\\\/es\\\/visite-alsacia-en-bicicleta\\\/#primaryimage\"},\"thumbnailUrl\":\"https:\\\/\\\/laterale-residences.com\\\/wp-content\\\/uploads\\\/2022\\\/04\\\/253001199-alsa-cyclo-tours-lalsace-grandeur-nature-1-1600x900-1.jpg\",\"datePublished\":\"2021-07-27T13:46:56+00:00\",\"dateModified\":\"2024-02-18T17:57:28+00:00\",\"breadcrumb\":{\"@id\":\"https:\\\/\\\/laterale-residences.com\\\/es\\\/visite-alsacia-en-bicicleta\\\/#breadcrumb\"},\"inLanguage\":\"es\",\"potentialAction\":[{\"@type\":\"ReadAction\",\"target\":[\"https:\\\/\\\/laterale-residences.com\\\/es\\\/visite-alsacia-en-bicicleta\\\/\"]}]},{\"@type\":\"ImageObject\",\"inLanguage\":\"es\",\"@id\":\"https:\\\/\\\/laterale-residences.com\\\/es\\\/visite-alsacia-en-bicicleta\\\/#primaryimage\",\"url\":\"https:\\\/\\\/laterale-residences.com\\\/wp-content\\\/uploads\\\/2022\\\/04\\\/253001199-alsa-cyclo-tours-lalsace-grandeur-nature-1-1600x900-1.jpg\",\"contentUrl\":\"https:\\\/\\\/laterale-residences.com\\\/wp-content\\\/uploads\\\/2022\\\/04\\\/253001199-alsa-cyclo-tours-lalsace-grandeur-nature-1-1600x900-1.jpg\",\"width\":1600,\"height\":900},{\"@type\":\"BreadcrumbList\",\"@id\":\"https:\\\/\\\/laterale-residences.com\\\/es\\\/visite-alsacia-en-bicicleta\\\/#breadcrumb\",\"itemListElement\":[{\"@type\":\"ListItem\",\"position\":1,\"name\":\"Accueil\",\"item\":\"https:\\\/\\\/laterale-residences.com\\\/es\\\/bienvenida\\\/\"},{\"@type\":\"ListItem\",\"position\":2,\"name\":\"Visite Alsacia en bicicleta&#8230;\"}]},{\"@type\":\"WebSite\",\"@id\":\"https:\\\/\\\/laterale-residences.com\\\/es\\\/#website\",\"url\":\"https:\\\/\\\/laterale-residences.com\\\/es\\\/\",\"name\":\"Laterale Residences\",\"description\":\"Appartements Vacances Riquewihr sur la route des vins d&#039;Alsace\",\"publisher\":{\"@id\":\"https:\\\/\\\/laterale-residences.com\\\/es\\\/#organization\"},\"potentialAction\":[{\"@type\":\"SearchAction\",\"target\":{\"@type\":\"EntryPoint\",\"urlTemplate\":\"https:\\\/\\\/laterale-residences.com\\\/es\\\/?s={search_term_string}\"},\"query-input\":{\"@type\":\"PropertyValueSpecification\",\"valueRequired\":true,\"valueName\":\"search_term_string\"}}],\"inLanguage\":\"es\"},{\"@type\":\"Organization\",\"@id\":\"https:\\\/\\\/laterale-residences.com\\\/es\\\/#organization\",\"name\":\"Laterale Residences\",\"url\":\"https:\\\/\\\/laterale-residences.com\\\/es\\\/\",\"logo\":{\"@type\":\"ImageObject\",\"inLanguage\":\"es\",\"@id\":\"https:\\\/\\\/laterale-residences.com\\\/es\\\/#\\\/schema\\\/logo\\\/image\\\/\",\"url\":\"https:\\\/\\\/laterale-residences.com\\\/wp-content\\\/uploads\\\/2021\\\/07\\\/logo_laterale_residences_etoiles.png\",\"contentUrl\":\"https:\\\/\\\/laterale-residences.com\\\/wp-content\\\/uploads\\\/2021\\\/07\\\/logo_laterale_residences_etoiles.png\",\"width\":600,\"height\":600,\"caption\":\"Laterale Residences\"},\"image\":{\"@id\":\"https:\\\/\\\/laterale-residences.com\\\/es\\\/#\\\/schema\\\/logo\\\/image\\\/\"}},{\"@type\":\"Person\",\"@id\":\"https:\\\/\\\/laterale-residences.com\\\/es\\\/#\\\/schema\\\/person\\\/e059e7fbfe09a1de4a5070385ec9fce4\",\"name\":\"contact@laterale-residences.com\",\"image\":{\"@type\":\"ImageObject\",\"inLanguage\":\"es\",\"@id\":\"https:\\\/\\\/secure.gravatar.com\\\/avatar\\\/2c6c46f89a7f510c694de34f653d75e6ce9a2782a83b3663358d125500655620?s=96&d=mm&r=g\",\"url\":\"https:\\\/\\\/secure.gravatar.com\\\/avatar\\\/2c6c46f89a7f510c694de34f653d75e6ce9a2782a83b3663358d125500655620?s=96&d=mm&r=g\",\"contentUrl\":\"https:\\\/\\\/secure.gravatar.com\\\/avatar\\\/2c6c46f89a7f510c694de34f653d75e6ce9a2782a83b3663358d125500655620?s=96&d=mm&r=g\",\"caption\":\"contact@laterale-residences.com\"},\"sameAs\":[\"https:\\\/\\\/laterale-residences.com\"],\"worksFor\":\"LATERALE RESIDENCES sarl\",\"url\":\"https:\\\/\\\/laterale-residences.com\\\/es\\\/author\\\/contactlaterale-residences-com\\\/\"}]}<\/script>\n<!-- \/ Yoast SEO Premium plugin. -->","yoast_head_json":{"title":"Visite Alsacia en bicicleta... - Laterale Residences","robots":{"index":"index","follow":"follow","max-snippet":"max-snippet:-1","max-image-preview":"max-image-preview:large","max-video-preview":"max-video-preview:-1"},"canonical":"https:\/\/laterale-residences.com\/es\/visite-alsacia-en-bicicleta\/","og_locale":"es_ES","og_type":"article","og_title":"Visite Alsacia en bicicleta...","og_description":"D\u00f3nde alquilar bicicletas el\u00e9ctricas para descubrir la ruta del vino m\u00e1s famosa de Francia. Prepare su viaje con la web \"ALsace \u00e0 v\u00e9lo\" ... Lea el art\u00edculo para saber m\u00e1s...","og_url":"https:\/\/laterale-residences.com\/es\/visite-alsacia-en-bicicleta\/","og_site_name":"Laterale Residences","article_published_time":"2021-07-27T13:46:56+00:00","article_modified_time":"2024-02-18T17:57:28+00:00","og_image":[{"width":1600,"height":900,"url":"https:\/\/laterale-residences.com\/wp-content\/uploads\/2022\/04\/253001199-alsa-cyclo-tours-lalsace-grandeur-nature-1-1600x900-1.jpg","type":"image\/jpeg"}],"author":"contact@laterale-residences.com","twitter_card":"summary_large_image","twitter_misc":{"Escrito por":"contact@laterale-residences.com","Tiempo de lectura":"1 minuto"},"schema":{"@context":"https:\/\/schema.org","@graph":[{"@type":"Article","@id":"https:\/\/laterale-residences.com\/es\/visite-alsacia-en-bicicleta\/#article","isPartOf":{"@id":"https:\/\/laterale-residences.com\/es\/visite-alsacia-en-bicicleta\/"},"author":{"name":"contact@laterale-residences.com","@id":"https:\/\/laterale-residences.com\/es\/#\/schema\/person\/e059e7fbfe09a1de4a5070385ec9fce4"},"headline":"Visite Alsacia en bicicleta&#8230;","datePublished":"2021-07-27T13:46:56+00:00","dateModified":"2024-02-18T17:57:28+00:00","mainEntityOfPage":{"@id":"https:\/\/laterale-residences.com\/es\/visite-alsacia-en-bicicleta\/"},"wordCount":248,"commentCount":0,"publisher":{"@id":"https:\/\/laterale-residences.com\/es\/#organization"},"image":{"@id":"https:\/\/laterale-residences.com\/es\/visite-alsacia-en-bicicleta\/#primaryimage"},"thumbnailUrl":"https:\/\/laterale-residences.com\/wp-content\/uploads\/2022\/04\/253001199-alsa-cyclo-tours-lalsace-grandeur-nature-1-1600x900-1.jpg","articleSection":["Deporte"],"inLanguage":"es","potentialAction":[{"@type":"CommentAction","name":"Comment","target":["https:\/\/laterale-residences.com\/es\/visite-alsacia-en-bicicleta\/#respond"]}]},{"@type":"WebPage","@id":"https:\/\/laterale-residences.com\/es\/visite-alsacia-en-bicicleta\/","url":"https:\/\/laterale-residences.com\/es\/visite-alsacia-en-bicicleta\/","name":"Visite Alsacia en bicicleta... - Laterale Residences","isPartOf":{"@id":"https:\/\/laterale-residences.com\/es\/#website"},"primaryImageOfPage":{"@id":"https:\/\/laterale-residences.com\/es\/visite-alsacia-en-bicicleta\/#primaryimage"},"image":{"@id":"https:\/\/laterale-residences.com\/es\/visite-alsacia-en-bicicleta\/#primaryimage"},"thumbnailUrl":"https:\/\/laterale-residences.com\/wp-content\/uploads\/2022\/04\/253001199-alsa-cyclo-tours-lalsace-grandeur-nature-1-1600x900-1.jpg","datePublished":"2021-07-27T13:46:56+00:00","dateModified":"2024-02-18T17:57:28+00:00","breadcrumb":{"@id":"https:\/\/laterale-residences.com\/es\/visite-alsacia-en-bicicleta\/#breadcrumb"},"inLanguage":"es","potentialAction":[{"@type":"ReadAction","target":["https:\/\/laterale-residences.com\/es\/visite-alsacia-en-bicicleta\/"]}]},{"@type":"ImageObject","inLanguage":"es","@id":"https:\/\/laterale-residences.com\/es\/visite-alsacia-en-bicicleta\/#primaryimage","url":"https:\/\/laterale-residences.com\/wp-content\/uploads\/2022\/04\/253001199-alsa-cyclo-tours-lalsace-grandeur-nature-1-1600x900-1.jpg","contentUrl":"https:\/\/laterale-residences.com\/wp-content\/uploads\/2022\/04\/253001199-alsa-cyclo-tours-lalsace-grandeur-nature-1-1600x900-1.jpg","width":1600,"height":900},{"@type":"BreadcrumbList","@id":"https:\/\/laterale-residences.com\/es\/visite-alsacia-en-bicicleta\/#breadcrumb","itemListElement":[{"@type":"ListItem","position":1,"name":"Accueil","item":"https:\/\/laterale-residences.com\/es\/bienvenida\/"},{"@type":"ListItem","position":2,"name":"Visite Alsacia en bicicleta&#8230;"}]},{"@type":"WebSite","@id":"https:\/\/laterale-residences.com\/es\/#website","url":"https:\/\/laterale-residences.com\/es\/","name":"Laterale Residences","description":"Appartements Vacances Riquewihr sur la route des vins d&#039;Alsace","publisher":{"@id":"https:\/\/laterale-residences.com\/es\/#organization"},"potentialAction":[{"@type":"SearchAction","target":{"@type":"EntryPoint","urlTemplate":"https:\/\/laterale-residences.com\/es\/?s={search_term_string}"},"query-input":{"@type":"PropertyValueSpecification","valueRequired":true,"valueName":"search_term_string"}}],"inLanguage":"es"},{"@type":"Organization","@id":"https:\/\/laterale-residences.com\/es\/#organization","name":"Laterale Residences","url":"https:\/\/laterale-residences.com\/es\/","logo":{"@type":"ImageObject","inLanguage":"es","@id":"https:\/\/laterale-residences.com\/es\/#\/schema\/logo\/image\/","url":"https:\/\/laterale-residences.com\/wp-content\/uploads\/2021\/07\/logo_laterale_residences_etoiles.png","contentUrl":"https:\/\/laterale-residences.com\/wp-content\/uploads\/2021\/07\/logo_laterale_residences_etoiles.png","width":600,"height":600,"caption":"Laterale Residences"},"image":{"@id":"https:\/\/laterale-residences.com\/es\/#\/schema\/logo\/image\/"}},{"@type":"Person","@id":"https:\/\/laterale-residences.com\/es\/#\/schema\/person\/e059e7fbfe09a1de4a5070385ec9fce4","name":"contact@laterale-residences.com","image":{"@type":"ImageObject","inLanguage":"es","@id":"https:\/\/secure.gravatar.com\/avatar\/2c6c46f89a7f510c694de34f653d75e6ce9a2782a83b3663358d125500655620?s=96&d=mm&r=g","url":"https:\/\/secure.gravatar.com\/avatar\/2c6c46f89a7f510c694de34f653d75e6ce9a2782a83b3663358d125500655620?s=96&d=mm&r=g","contentUrl":"https:\/\/secure.gravatar.com\/avatar\/2c6c46f89a7f510c694de34f653d75e6ce9a2782a83b3663358d125500655620?s=96&d=mm&r=g","caption":"contact@laterale-residences.com"},"sameAs":["https:\/\/laterale-residences.com"],"worksFor":"LATERALE RESIDENCES sarl","url":"https:\/\/laterale-residences.com\/es\/author\/contactlaterale-residences-com\/"}]}},"_links":{"self":[{"href":"https:\/\/laterale-residences.com\/es\/wp-json\/wp\/v2\/posts\/6689","targetHints":{"allow":["GET"]}}],"collection":[{"href":"https:\/\/laterale-residences.com\/es\/wp-json\/wp\/v2\/posts"}],"about":[{"href":"https:\/\/laterale-residences.com\/es\/wp-json\/wp\/v2\/types\/post"}],"author":[{"embeddable":true,"href":"https:\/\/laterale-residences.com\/es\/wp-json\/wp\/v2\/users\/1"}],"replies":[{"embeddable":true,"href":"https:\/\/laterale-residences.com\/es\/wp-json\/wp\/v2\/comments?post=6689"}],"version-history":[{"count":8,"href":"https:\/\/laterale-residences.com\/es\/wp-json\/wp\/v2\/posts\/6689\/revisions"}],"predecessor-version":[{"id":17891,"href":"https:\/\/laterale-residences.com\/es\/wp-json\/wp\/v2\/posts\/6689\/revisions\/17891"}],"wp:featuredmedia":[{"embeddable":true,"href":"https:\/\/laterale-residences.com\/es\/wp-json\/wp\/v2\/media\/5470"}],"wp:attachment":[{"href":"https:\/\/laterale-residences.com\/es\/wp-json\/wp\/v2\/media?parent=6689"}],"wp:term":[{"taxonomy":"category","embeddable":true,"href":"https:\/\/laterale-residences.com\/es\/wp-json\/wp\/v2\/categories?post=6689"},{"taxonomy":"post_tag","embeddable":true,"href":"https:\/\/laterale-residences.com\/es\/wp-json\/wp\/v2\/tags?post=6689"}],"curies":[{"name":"wp","href":"https:\/\/api.w.org\/{rel}","templated":true}]}}