{"id":6827,"date":"2022-04-25T08:26:42","date_gmt":"2022-04-25T06:26:42","guid":{"rendered":"https:\/\/laterale-residences.com\/selestat\/"},"modified":"2022-07-01T09:15:47","modified_gmt":"2022-07-01T07:15:47","slug":"selestat","status":"publish","type":"post","link":"https:\/\/laterale-residences.com\/de\/selestat\/","title":{"rendered":"Selestat"},"content":{"rendered":"<p>Der Legende nach wurde die Stadt vom Riesen Sletto gegr\u00fcndet. Die erste urkundliche Erw\u00e4hnung stammt aus dem 8. Jahrhundert, damals geh\u00f6rte der Ort jedoch zum Dorf Kintzheim. Die Expansion der Stadt begann im 11. Jahrhundert, als Hildegarde de Buren, Mutter der ersten Hohenstaufen, dort eine Kirche gr\u00fcndete, die ab 1094 von M\u00f6nchen aus Conques bewohnt wurde, die Sainte Foy verehrten. Dieses Priorat leitet die Stadt, bis Friedrich II. von Hohenstaufen S\u00e9lestat den Status einer freien Stadt verleiht. Die Macht ging dann allm\u00e4hlich an die Bourgeoisie \u00fcber. S\u00e9lestat florierte, wurde Mitglied der Dekapolis, erweiterte seine Befestigungsanlagen, erhielt M\u00f6nchsorden und handelte. Die Renaissance markiert die glorreiche Zeit der Stadt, die zu einer Hauptstadt des Humanismus wird. Seine Schule wurde in ganz Europa ber\u00fchmt. Die Reformation, der Bauernkrieg und der Drei\u00dfigj\u00e4hrige Krieg markieren den Niedergang von S\u00e9lestat. Nach dem Westf\u00e4lischen Frieden wurde die Stadt wie das \u00fcbrige Elsass franz\u00f6sisch. Neue Stadtmauern wurden von Vauban gebaut und S\u00e9lestat wurde eine Garnisonsstadt. Die Stadt fand dann einen gewissen Wohlstand, aber ihre Expansion blieb zugunsten der anderen gro\u00dfen St\u00e4dte des Elsass beschr\u00e4nkt. Seine Geschichte folgt dann der der Region.<\/p>\n<p><img fetchpriority=\"high\" decoding=\"async\" class=\"aligncenter wp-image-8973 size-full\" src=\"https:\/\/laterale-residences.com\/wp-content\/uploads\/2022\/04\/Laterale-Residences-Selestat-en-1500.jpg\" alt=\"\" width=\"1200\" height=\"584\" srcset=\"https:\/\/laterale-residences.com\/wp-content\/uploads\/2022\/04\/Laterale-Residences-Selestat-en-1500.jpg 1200w, https:\/\/laterale-residences.com\/wp-content\/uploads\/2022\/04\/Laterale-Residences-Selestat-en-1500-300x146.jpg 300w, https:\/\/laterale-residences.com\/wp-content\/uploads\/2022\/04\/Laterale-Residences-Selestat-en-1500-1024x498.jpg 1024w, https:\/\/laterale-residences.com\/wp-content\/uploads\/2022\/04\/Laterale-Residences-Selestat-en-1500-768x374.jpg 768w\" sizes=\"(max-width: 1200px) 100vw, 1200px\"><\/p>\n<p><strong>S\u00e9lestat \u2013 die Festungsstadt um 1500 n. Chr. JC.<\/strong><br>\nReproduction issue du Livre illustr\u00e9 : <strong>Villes fortifi\u00e9es d\u2019Alsace et ch\u00e2teaux de plaine <\/strong>de Guy Trendel (Auteur), Christophe Carmona (Illustrations)<br>\nVerlag: <span class=\"a-list-item\">ID-Publishing; Illustrierte Ausgabe (1. April 2016)<\/span><br>\n<a href=\"https:\/\/www.amazon.fr\/Villes-fortifi%C3%A9es-dAlsace-ch%C3%A2teaux-plaine\/dp\/2367010803\/ref=asc_df_2367010803\/?tag=googshopfr-21&amp;linkCode=df0&amp;hvadid=228565470380&amp;hvpos=&amp;hvnetw=g&amp;hvrand=5364057057137916841&amp;hvpone=&amp;hvptwo=&amp;hvqmt=&amp;hvdev=c&amp;hvdvcmdl=&amp;hvlocint=&amp;hvlocphy=9055991&amp;hvtargid=pla-487873976771&amp;psc=1\" target=\"_blank\" rel=\"noopener\">Buch bei Amazon kaufen<\/a><\/p>\n<h3>Das Unvermeidliche<\/h3>\n<p><strong>Die Humanistische Bibliothek<\/strong> : Sie ist heute in einer ehemaligen Getreideb\u00f6rse aus dem 19. Jahrhundert untergebracht. Dort wird die der Stadt vermachte Bibliothek des Beatus Rhenanus pr\u00e4sentiert, die mehr als 3000 Dokumente (Handschriften, Inkunabeln und Drucksachen) aus dem 7. bis 16. Jahrhundert umfasst. Dieses Museum ist fast einzigartig in Europa. Die Bibliothek wurde komplett renoviert und 2019 mit einer neuen Hervorhebung von B\u00fcchern in einer hervorragenden Umgebung wiederer\u00f6ffnet.<\/p>\n<p><a href=\"https:\/\/laterale-residences.com\/wp-content\/uploads\/2022\/04\/Laterale-Residences-Selestat-131430918_iOS-scaled.jpg\"><img decoding=\"async\" class=\"aligncenter wp-image-10063 size-full\" src=\"https:\/\/laterale-residences.com\/wp-content\/uploads\/2022\/04\/Laterale-Residences-Selestat-131430918_iOS-scaled.jpg\" alt=\"\" width=\"2560\" height=\"1920\" srcset=\"https:\/\/laterale-residences.com\/wp-content\/uploads\/2022\/04\/Laterale-Residences-Selestat-131430918_iOS-scaled.jpg 2560w, https:\/\/laterale-residences.com\/wp-content\/uploads\/2022\/04\/Laterale-Residences-Selestat-131430918_iOS-300x225.jpg 300w, https:\/\/laterale-residences.com\/wp-content\/uploads\/2022\/04\/Laterale-Residences-Selestat-131430918_iOS-1024x768.jpg 1024w, https:\/\/laterale-residences.com\/wp-content\/uploads\/2022\/04\/Laterale-Residences-Selestat-131430918_iOS-768x576.jpg 768w, https:\/\/laterale-residences.com\/wp-content\/uploads\/2022\/04\/Laterale-Residences-Selestat-131430918_iOS-1536x1152.jpg 1536w, https:\/\/laterale-residences.com\/wp-content\/uploads\/2022\/04\/Laterale-Residences-Selestat-131430918_iOS-2048x1536.jpg 2048w\" sizes=\"(max-width: 2560px) 100vw, 2560px\"><\/a><\/p>\n<p><a href=\"https:\/\/laterale-residences.com\/wp-content\/uploads\/2022\/04\/Laterale-Residences-Selestat-131201250_iOS-scaled.jpg\"><img decoding=\"async\" class=\"aligncenter wp-image-10041 size-full\" src=\"https:\/\/laterale-residences.com\/wp-content\/uploads\/2022\/04\/Laterale-Residences-Selestat-131201250_iOS-scaled.jpg\" alt=\"\" width=\"2560\" height=\"1920\" srcset=\"https:\/\/laterale-residences.com\/wp-content\/uploads\/2022\/04\/Laterale-Residences-Selestat-131201250_iOS-scaled.jpg 2560w, https:\/\/laterale-residences.com\/wp-content\/uploads\/2022\/04\/Laterale-Residences-Selestat-131201250_iOS-300x225.jpg 300w, https:\/\/laterale-residences.com\/wp-content\/uploads\/2022\/04\/Laterale-Residences-Selestat-131201250_iOS-1024x768.jpg 1024w, https:\/\/laterale-residences.com\/wp-content\/uploads\/2022\/04\/Laterale-Residences-Selestat-131201250_iOS-768x576.jpg 768w, https:\/\/laterale-residences.com\/wp-content\/uploads\/2022\/04\/Laterale-Residences-Selestat-131201250_iOS-1536x1152.jpg 1536w, https:\/\/laterale-residences.com\/wp-content\/uploads\/2022\/04\/Laterale-Residences-Selestat-131201250_iOS-2048x1536.jpg 2048w\" sizes=\"(max-width: 2560px) 100vw, 2560px\"><\/a><\/p>\n<p>Kirche <strong>Saint-Georges<\/strong> : Die gotische Kirche wurde zwischen dem 13. und 16. Jahrhundert erbaut.<\/p>\n<p><a href=\"https:\/\/laterale-residences.com\/wp-content\/uploads\/2022\/04\/Selestat-Noel-01-scaled.jpg\"><img loading=\"lazy\" decoding=\"async\" class=\"aligncenter wp-image-907 size-full\" src=\"https:\/\/laterale-residences.com\/wp-content\/uploads\/2022\/04\/Selestat-Noel-01-scaled.jpg\" alt=\"\" width=\"2560\" height=\"1920\" srcset=\"https:\/\/laterale-residences.com\/wp-content\/uploads\/2022\/04\/Selestat-Noel-01-scaled.jpg 2560w, https:\/\/laterale-residences.com\/wp-content\/uploads\/2022\/04\/Selestat-Noel-01-300x225.jpg 300w, https:\/\/laterale-residences.com\/wp-content\/uploads\/2022\/04\/Selestat-Noel-01-1024x768.jpg 1024w, https:\/\/laterale-residences.com\/wp-content\/uploads\/2022\/04\/Selestat-Noel-01-768x576.jpg 768w, https:\/\/laterale-residences.com\/wp-content\/uploads\/2022\/04\/Selestat-Noel-01-1536x1152.jpg 1536w, https:\/\/laterale-residences.com\/wp-content\/uploads\/2022\/04\/Selestat-Noel-01-2048x1536.jpg 2048w\" sizes=\"(max-width: 2560px) 100vw, 2560px\"><\/a><br>\n<a href=\"https:\/\/laterale-residences.com\/wp-content\/uploads\/2022\/04\/Selestat-Noel-02-scaled.jpg\"><img loading=\"lazy\" decoding=\"async\" class=\"aligncenter wp-image-906 size-full\" src=\"https:\/\/laterale-residences.com\/wp-content\/uploads\/2022\/04\/Selestat-Noel-02-scaled.jpg\" alt=\"\" width=\"2560\" height=\"1920\" srcset=\"https:\/\/laterale-residences.com\/wp-content\/uploads\/2022\/04\/Selestat-Noel-02-scaled.jpg 2560w, https:\/\/laterale-residences.com\/wp-content\/uploads\/2022\/04\/Selestat-Noel-02-300x225.jpg 300w, https:\/\/laterale-residences.com\/wp-content\/uploads\/2022\/04\/Selestat-Noel-02-1024x768.jpg 1024w, https:\/\/laterale-residences.com\/wp-content\/uploads\/2022\/04\/Selestat-Noel-02-768x576.jpg 768w, https:\/\/laterale-residences.com\/wp-content\/uploads\/2022\/04\/Selestat-Noel-02-1536x1152.jpg 1536w, https:\/\/laterale-residences.com\/wp-content\/uploads\/2022\/04\/Selestat-Noel-02-2048x1536.jpg 2048w\" sizes=\"(max-width: 2560px) 100vw, 2560px\"><\/a><\/p>\n<p><strong>Der Turm der Hexen<\/strong> : (Place De Lattre de Tassigny) war Teil der ersten Einfriedung der Stadt von 1216.<\/p>\n<p>Schlendern Sie durch die Stra\u00dfen von S\u00e9lestat und entdecken Sie viele Renaissanceh\u00e4user, den <strong>Place du March\u00e9 aux Choux, die Rue Dorlan, den Quai des Tanneurs und die Rue de la Porte de Brisach.<\/strong><\/p>\n<p><a href=\"https:\/\/laterale-residences.com\/wp-content\/uploads\/2022\/04\/Laterale-Residences-Selestat-133500850_iOS-scaled-e1651341347929.jpg\"><img loading=\"lazy\" decoding=\"async\" class=\"aligncenter wp-image-10118 size-full\" src=\"https:\/\/laterale-residences.com\/wp-content\/uploads\/2022\/04\/Laterale-Residences-Selestat-133500850_iOS-scaled-e1651341347929.jpg\" alt=\"\" width=\"1920\" height=\"2560\" srcset=\"https:\/\/laterale-residences.com\/wp-content\/uploads\/2022\/04\/Laterale-Residences-Selestat-133500850_iOS-scaled-e1651341347929.jpg 1920w, https:\/\/laterale-residences.com\/wp-content\/uploads\/2022\/04\/Laterale-Residences-Selestat-133500850_iOS-scaled-e1651341347929-225x300.jpg 225w, https:\/\/laterale-residences.com\/wp-content\/uploads\/2022\/04\/Laterale-Residences-Selestat-133500850_iOS-scaled-e1651341347929-768x1024.jpg 768w, https:\/\/laterale-residences.com\/wp-content\/uploads\/2022\/04\/Laterale-Residences-Selestat-133500850_iOS-scaled-e1651341347929-1152x1536.jpg 1152w, https:\/\/laterale-residences.com\/wp-content\/uploads\/2022\/04\/Laterale-Residences-Selestat-133500850_iOS-scaled-e1651341347929-1536x2048.jpg 1536w\" sizes=\"(max-width: 1920px) 100vw, 1920px\"><\/a><\/p>\n<p><a href=\"https:\/\/laterale-residences.com\/wp-content\/uploads\/2022\/04\/Laterale-Residences-Selestat-133355986_iOS-scaled-e1651341360358.jpg\"><img loading=\"lazy\" decoding=\"async\" class=\"aligncenter wp-image-10107 size-full\" src=\"https:\/\/laterale-residences.com\/wp-content\/uploads\/2022\/04\/Laterale-Residences-Selestat-133355986_iOS-scaled-e1651341360358.jpg\" alt=\"\" width=\"1920\" height=\"2560\" srcset=\"https:\/\/laterale-residences.com\/wp-content\/uploads\/2022\/04\/Laterale-Residences-Selestat-133355986_iOS-scaled-e1651341360358.jpg 1920w, https:\/\/laterale-residences.com\/wp-content\/uploads\/2022\/04\/Laterale-Residences-Selestat-133355986_iOS-scaled-e1651341360358-225x300.jpg 225w, https:\/\/laterale-residences.com\/wp-content\/uploads\/2022\/04\/Laterale-Residences-Selestat-133355986_iOS-scaled-e1651341360358-768x1024.jpg 768w, https:\/\/laterale-residences.com\/wp-content\/uploads\/2022\/04\/Laterale-Residences-Selestat-133355986_iOS-scaled-e1651341360358-1152x1536.jpg 1152w, https:\/\/laterale-residences.com\/wp-content\/uploads\/2022\/04\/Laterale-Residences-Selestat-133355986_iOS-scaled-e1651341360358-1536x2048.jpg 1536w\" sizes=\"(max-width: 1920px) 100vw, 1920px\"><\/a><\/p>\n<p><a href=\"https:\/\/laterale-residences.com\/wp-content\/uploads\/2022\/04\/Laterale-Residences-Selestat-125025037_iOS-scaled.jpg\"><img loading=\"lazy\" decoding=\"async\" class=\"aligncenter wp-image-9942 size-full\" src=\"https:\/\/laterale-residences.com\/wp-content\/uploads\/2022\/04\/Laterale-Residences-Selestat-125025037_iOS-scaled.jpg\" alt=\"\" width=\"2560\" height=\"1920\" srcset=\"https:\/\/laterale-residences.com\/wp-content\/uploads\/2022\/04\/Laterale-Residences-Selestat-125025037_iOS-scaled.jpg 2560w, https:\/\/laterale-residences.com\/wp-content\/uploads\/2022\/04\/Laterale-Residences-Selestat-125025037_iOS-300x225.jpg 300w, https:\/\/laterale-residences.com\/wp-content\/uploads\/2022\/04\/Laterale-Residences-Selestat-125025037_iOS-1024x768.jpg 1024w, https:\/\/laterale-residences.com\/wp-content\/uploads\/2022\/04\/Laterale-Residences-Selestat-125025037_iOS-768x576.jpg 768w, https:\/\/laterale-residences.com\/wp-content\/uploads\/2022\/04\/Laterale-Residences-Selestat-125025037_iOS-1536x1152.jpg 1536w, https:\/\/laterale-residences.com\/wp-content\/uploads\/2022\/04\/Laterale-Residences-Selestat-125025037_iOS-2048x1536.jpg 2048w\" sizes=\"(max-width: 2560px) 100vw, 2560px\"><\/a><\/p>\n<p><a href=\"https:\/\/laterale-residences.com\/wp-content\/uploads\/2022\/04\/Laterale-Residences-Selestat-103507137_iOS-scaled.jpg\"><img loading=\"lazy\" decoding=\"async\" class=\"aligncenter wp-image-9843 size-full\" src=\"https:\/\/laterale-residences.com\/wp-content\/uploads\/2022\/04\/Laterale-Residences-Selestat-103507137_iOS-scaled.jpg\" alt=\"\" width=\"2560\" height=\"1920\" srcset=\"https:\/\/laterale-residences.com\/wp-content\/uploads\/2022\/04\/Laterale-Residences-Selestat-103507137_iOS-scaled.jpg 2560w, https:\/\/laterale-residences.com\/wp-content\/uploads\/2022\/04\/Laterale-Residences-Selestat-103507137_iOS-300x225.jpg 300w, https:\/\/laterale-residences.com\/wp-content\/uploads\/2022\/04\/Laterale-Residences-Selestat-103507137_iOS-1024x768.jpg 1024w, https:\/\/laterale-residences.com\/wp-content\/uploads\/2022\/04\/Laterale-Residences-Selestat-103507137_iOS-768x576.jpg 768w, https:\/\/laterale-residences.com\/wp-content\/uploads\/2022\/04\/Laterale-Residences-Selestat-103507137_iOS-1536x1152.jpg 1536w, https:\/\/laterale-residences.com\/wp-content\/uploads\/2022\/04\/Laterale-Residences-Selestat-103507137_iOS-2048x1536.jpg 2048w\" sizes=\"(max-width: 2560px) 100vw, 2560px\"><\/a><\/p>\n<p><strong>Der Neue Turm<\/strong> : eines der Tore der alten Stadtmauer aus dem 13. Jahrhundert<\/p>\n<p><a href=\"https:\/\/laterale-residences.com\/wp-content\/uploads\/2022\/04\/Laterale-Residences-Selestat-103200890_iOS-scaled.jpg\"><img loading=\"lazy\" decoding=\"async\" class=\"aligncenter wp-image-9777 size-full\" src=\"https:\/\/laterale-residences.com\/wp-content\/uploads\/2022\/04\/Laterale-Residences-Selestat-103200890_iOS-scaled.jpg\" alt=\"\" width=\"2560\" height=\"1920\" srcset=\"https:\/\/laterale-residences.com\/wp-content\/uploads\/2022\/04\/Laterale-Residences-Selestat-103200890_iOS-scaled.jpg 2560w, https:\/\/laterale-residences.com\/wp-content\/uploads\/2022\/04\/Laterale-Residences-Selestat-103200890_iOS-300x225.jpg 300w, https:\/\/laterale-residences.com\/wp-content\/uploads\/2022\/04\/Laterale-Residences-Selestat-103200890_iOS-1024x768.jpg 1024w, https:\/\/laterale-residences.com\/wp-content\/uploads\/2022\/04\/Laterale-Residences-Selestat-103200890_iOS-768x576.jpg 768w, https:\/\/laterale-residences.com\/wp-content\/uploads\/2022\/04\/Laterale-Residences-Selestat-103200890_iOS-1536x1152.jpg 1536w, https:\/\/laterale-residences.com\/wp-content\/uploads\/2022\/04\/Laterale-Residences-Selestat-103200890_iOS-2048x1536.jpg 2048w\" sizes=\"(max-width: 2560px) 100vw, 2560px\"><\/a><\/p>\n<p><a href=\"https:\/\/laterale-residences.com\/wp-content\/uploads\/2022\/04\/Laterale-Residences-Selestat-103228449_iOS-scaled-e1651341695560.jpg\"><img loading=\"lazy\" decoding=\"async\" class=\"aligncenter wp-image-9788 size-full\" src=\"https:\/\/laterale-residences.com\/wp-content\/uploads\/2022\/04\/Laterale-Residences-Selestat-103228449_iOS-scaled-e1651341695560.jpg\" alt=\"\" width=\"1920\" height=\"2560\" srcset=\"https:\/\/laterale-residences.com\/wp-content\/uploads\/2022\/04\/Laterale-Residences-Selestat-103228449_iOS-scaled-e1651341695560.jpg 1920w, https:\/\/laterale-residences.com\/wp-content\/uploads\/2022\/04\/Laterale-Residences-Selestat-103228449_iOS-scaled-e1651341695560-225x300.jpg 225w, https:\/\/laterale-residences.com\/wp-content\/uploads\/2022\/04\/Laterale-Residences-Selestat-103228449_iOS-scaled-e1651341695560-768x1024.jpg 768w, https:\/\/laterale-residences.com\/wp-content\/uploads\/2022\/04\/Laterale-Residences-Selestat-103228449_iOS-scaled-e1651341695560-1152x1536.jpg 1152w, https:\/\/laterale-residences.com\/wp-content\/uploads\/2022\/04\/Laterale-Residences-Selestat-103228449_iOS-scaled-e1651341695560-1536x2048.jpg 1536w\" sizes=\"(max-width: 1920px) 100vw, 1920px\"><\/a><\/p>\n<p>Gehen Sie zum Place de la Victoire, um das <strong>Arsenal Sainte Barbe<\/strong> zu sehen<\/p>\n<p><a href=\"https:\/\/laterale-residences.com\/wp-content\/uploads\/2022\/04\/IMG_1894-scaled-e1651053438543.jpg\"><img loading=\"lazy\" decoding=\"async\" class=\"aligncenter wp-image-7638 size-full\" src=\"https:\/\/laterale-residences.com\/wp-content\/uploads\/2022\/04\/IMG_1894-scaled-e1651053438543.jpg\" alt=\"\" width=\"1920\" height=\"2560\" srcset=\"https:\/\/laterale-residences.com\/wp-content\/uploads\/2022\/04\/IMG_1894-scaled-e1651053438543.jpg 1920w, https:\/\/laterale-residences.com\/wp-content\/uploads\/2022\/04\/IMG_1894-scaled-e1651053438543-225x300.jpg 225w, https:\/\/laterale-residences.com\/wp-content\/uploads\/2022\/04\/IMG_1894-scaled-e1651053438543-768x1024.jpg 768w, https:\/\/laterale-residences.com\/wp-content\/uploads\/2022\/04\/IMG_1894-scaled-e1651053438543-1152x1536.jpg 1152w, https:\/\/laterale-residences.com\/wp-content\/uploads\/2022\/04\/IMG_1894-scaled-e1651053438543-1536x2048.jpg 1536w\" sizes=\"(max-width: 1920px) 100vw, 1920px\"><\/a><\/p>\n<p>Folgen Sie <strong>der Rue des Chevaliers<\/strong> und gehen Sie zur Kirche Sainte Foy.<\/p>\n<p>Kirche <strong>Sainte Foy<\/strong> : romanische Kirche aus dem 12. Jahrhundert. Es hat 3 T\u00fcrme und eine pr\u00e4chtig verzierte Veranda.<\/p>\n<p><a href=\"https:\/\/laterale-residences.com\/wp-content\/uploads\/2022\/04\/DSC_2324-scaled-e1650908496308.jpg\"><img loading=\"lazy\" decoding=\"async\" class=\"aligncenter wp-image-1797 size-full\" src=\"https:\/\/laterale-residences.com\/wp-content\/uploads\/2022\/04\/DSC_2324-scaled-e1650908496308.jpg\" alt=\"\" width=\"1702\" height=\"2560\" srcset=\"https:\/\/laterale-residences.com\/wp-content\/uploads\/2022\/04\/DSC_2324-scaled-e1650908496308.jpg 1702w, https:\/\/laterale-residences.com\/wp-content\/uploads\/2022\/04\/DSC_2324-scaled-e1650908496308-199x300.jpg 199w, https:\/\/laterale-residences.com\/wp-content\/uploads\/2022\/04\/DSC_2324-scaled-e1650908496308-681x1024.jpg 681w, https:\/\/laterale-residences.com\/wp-content\/uploads\/2022\/04\/DSC_2324-scaled-e1650908496308-768x1155.jpg 768w, https:\/\/laterale-residences.com\/wp-content\/uploads\/2022\/04\/DSC_2324-scaled-e1650908496308-1021x1536.jpg 1021w, https:\/\/laterale-residences.com\/wp-content\/uploads\/2022\/04\/DSC_2324-scaled-e1650908496308-1362x2048.jpg 1362w\" sizes=\"(max-width: 1702px) 100vw, 1702px\"><\/a><\/p>\n<p><a href=\"https:\/\/laterale-residences.com\/wp-content\/uploads\/2022\/04\/Laterale-Residences-Selestat-125156477_iOS-scaled-e1651341482370.jpg\"><img loading=\"lazy\" decoding=\"async\" class=\"aligncenter wp-image-9964 size-full\" src=\"https:\/\/laterale-residences.com\/wp-content\/uploads\/2022\/04\/Laterale-Residences-Selestat-125156477_iOS-scaled-e1651341482370.jpg\" alt=\"\" width=\"1920\" height=\"2560\" srcset=\"https:\/\/laterale-residences.com\/wp-content\/uploads\/2022\/04\/Laterale-Residences-Selestat-125156477_iOS-scaled-e1651341482370.jpg 1920w, https:\/\/laterale-residences.com\/wp-content\/uploads\/2022\/04\/Laterale-Residences-Selestat-125156477_iOS-scaled-e1651341482370-225x300.jpg 225w, https:\/\/laterale-residences.com\/wp-content\/uploads\/2022\/04\/Laterale-Residences-Selestat-125156477_iOS-scaled-e1651341482370-768x1024.jpg 768w, https:\/\/laterale-residences.com\/wp-content\/uploads\/2022\/04\/Laterale-Residences-Selestat-125156477_iOS-scaled-e1651341482370-1152x1536.jpg 1152w, https:\/\/laterale-residences.com\/wp-content\/uploads\/2022\/04\/Laterale-Residences-Selestat-125156477_iOS-scaled-e1651341482370-1536x2048.jpg 1536w\" sizes=\"(max-width: 1920px) 100vw, 1920px\"><\/a><\/p>\n<p><strong>Kirche der R\u00e9collets<\/strong> : ein \u00dcberbleibsel des ehemaligen Franziskanerklosters, dessen Kirchturm aus dem 15. Jahrhundert stammt.<\/p>\n<p><a href=\"https:\/\/laterale-residences.com\/wp-content\/uploads\/2022\/05\/Laterale-Residences-Selestat-132512806_iOS-scaled-e1651434021624.jpg\"><img loading=\"lazy\" decoding=\"async\" class=\"aligncenter wp-image-10140 size-full\" src=\"https:\/\/laterale-residences.com\/wp-content\/uploads\/2022\/05\/Laterale-Residences-Selestat-132512806_iOS-scaled-e1651434021624.jpg\" alt=\"\" width=\"1920\" height=\"2560\" srcset=\"https:\/\/laterale-residences.com\/wp-content\/uploads\/2022\/05\/Laterale-Residences-Selestat-132512806_iOS-scaled-e1651434021624.jpg 1920w, https:\/\/laterale-residences.com\/wp-content\/uploads\/2022\/05\/Laterale-Residences-Selestat-132512806_iOS-scaled-e1651434021624-225x300.jpg 225w, https:\/\/laterale-residences.com\/wp-content\/uploads\/2022\/05\/Laterale-Residences-Selestat-132512806_iOS-scaled-e1651434021624-768x1024.jpg 768w, https:\/\/laterale-residences.com\/wp-content\/uploads\/2022\/05\/Laterale-Residences-Selestat-132512806_iOS-scaled-e1651434021624-1152x1536.jpg 1152w, https:\/\/laterale-residences.com\/wp-content\/uploads\/2022\/05\/Laterale-Residences-Selestat-132512806_iOS-scaled-e1651434021624-1536x2048.jpg 1536w\" sizes=\"(max-width: 1920px) 100vw, 1920px\"><\/a><\/p>\n<p><strong>Der Zauber von S\u00e9lestat w\u00e4hrend des Weihnachtsmarktes\u2026<\/strong><\/p>\n<p><a href=\"https:\/\/laterale-residences.com\/wp-content\/uploads\/2022\/04\/IMG_1309-scaled.jpg\"><img loading=\"lazy\" decoding=\"async\" class=\"aligncenter wp-image-7675 size-full\" src=\"https:\/\/laterale-residences.com\/wp-content\/uploads\/2022\/04\/IMG_1309-scaled.jpg\" alt=\"\" width=\"1920\" height=\"2560\" srcset=\"https:\/\/laterale-residences.com\/wp-content\/uploads\/2022\/04\/IMG_1309-scaled.jpg 1920w, https:\/\/laterale-residences.com\/wp-content\/uploads\/2022\/04\/IMG_1309-225x300.jpg 225w, https:\/\/laterale-residences.com\/wp-content\/uploads\/2022\/04\/IMG_1309-768x1024.jpg 768w, https:\/\/laterale-residences.com\/wp-content\/uploads\/2022\/04\/IMG_1309-1152x1536.jpg 1152w, https:\/\/laterale-residences.com\/wp-content\/uploads\/2022\/04\/IMG_1309-1536x2048.jpg 1536w\" sizes=\"(max-width: 1920px) 100vw, 1920px\"><\/a><\/p>\n<h3>Ein bisschen Gastronomie\u2026<\/h3>\n<p><strong>RESTAURANT LES LARMES DU VIN<\/strong><br>\n2, Place d\u2019Armes 67000 SELESTAT (sonntags und montags geschlossen)<\/p>\n<p><a href=\"https:\/\/laterale-residences.com\/wp-content\/uploads\/2022\/04\/Laterale-Residences-Selestat-122800940_iOS-scaled.jpg\"><img loading=\"lazy\" decoding=\"async\" class=\"aligncenter wp-image-9909 size-full\" src=\"https:\/\/laterale-residences.com\/wp-content\/uploads\/2022\/04\/Laterale-Residences-Selestat-122800940_iOS-scaled.jpg\" alt=\"Laterale Residences Selestat Larmes du Vin\" width=\"2560\" height=\"1920\" srcset=\"https:\/\/laterale-residences.com\/wp-content\/uploads\/2022\/04\/Laterale-Residences-Selestat-122800940_iOS-scaled.jpg 2560w, https:\/\/laterale-residences.com\/wp-content\/uploads\/2022\/04\/Laterale-Residences-Selestat-122800940_iOS-300x225.jpg 300w, https:\/\/laterale-residences.com\/wp-content\/uploads\/2022\/04\/Laterale-Residences-Selestat-122800940_iOS-1024x768.jpg 1024w, https:\/\/laterale-residences.com\/wp-content\/uploads\/2022\/04\/Laterale-Residences-Selestat-122800940_iOS-768x576.jpg 768w, https:\/\/laterale-residences.com\/wp-content\/uploads\/2022\/04\/Laterale-Residences-Selestat-122800940_iOS-1536x1152.jpg 1536w, https:\/\/laterale-residences.com\/wp-content\/uploads\/2022\/04\/Laterale-Residences-Selestat-122800940_iOS-2048x1536.jpg 2048w\" sizes=\"(max-width: 2560px) 100vw, 2560px\"><\/a><\/p>\n<p><a href=\"https:\/\/laterale-residences.com\/wp-content\/uploads\/2022\/04\/Laterale-Residences-Selestat-105802718_iOS-scaled.jpg\"><img loading=\"lazy\" decoding=\"async\" class=\"aligncenter wp-image-9887 size-full\" src=\"https:\/\/laterale-residences.com\/wp-content\/uploads\/2022\/04\/Laterale-Residences-Selestat-105802718_iOS-scaled.jpg\" alt=\"Laterale Residences Selestat Larmes du Vin\" width=\"2560\" height=\"1920\" srcset=\"https:\/\/laterale-residences.com\/wp-content\/uploads\/2022\/04\/Laterale-Residences-Selestat-105802718_iOS-scaled.jpg 2560w, https:\/\/laterale-residences.com\/wp-content\/uploads\/2022\/04\/Laterale-Residences-Selestat-105802718_iOS-300x225.jpg 300w, https:\/\/laterale-residences.com\/wp-content\/uploads\/2022\/04\/Laterale-Residences-Selestat-105802718_iOS-1024x768.jpg 1024w, https:\/\/laterale-residences.com\/wp-content\/uploads\/2022\/04\/Laterale-Residences-Selestat-105802718_iOS-768x576.jpg 768w, https:\/\/laterale-residences.com\/wp-content\/uploads\/2022\/04\/Laterale-Residences-Selestat-105802718_iOS-1536x1152.jpg 1536w, https:\/\/laterale-residences.com\/wp-content\/uploads\/2022\/04\/Laterale-Residences-Selestat-105802718_iOS-2048x1536.jpg 2048w\" sizes=\"(max-width: 2560px) 100vw, 2560px\"><\/a><\/p>\n<h3>Ein paar Adressen f\u00fcr eine s\u00fc\u00dfe Pause\u2026<\/h3>\n<p><strong>P\u00c2TISSERIE SALON DE TH\u00c9 KAMM<\/strong><br>\n15, rue des Clefs \u2013 67600 \u2013 S\u00e9lestat \u2013 Frankreich<br>\n<strong>P\u00c2TISSERIE KOFFEL-SONNTAG<\/strong><br>\n2 und 10, rue du 17-Novembre \u2013 67600 \u2013 S\u00e9lestat \u2013 Frankreich<br>\n<strong>P\u00c2TISSERIE SALON DE TH\u00c9 BENOIT WACH<\/strong><br>\n7, rue des Chevaliers \u2013 67600 \u2013 S\u00e9lestat \u2013 Frankreich<\/p>\n","protected":false},"excerpt":{"rendered":"<p>Der Legende nach wurde die Stadt vom Riesen Sletto gegr\u00fcndet. Die erste urkundliche Erw\u00e4hnung stammt aus dem 8. Jahrhundert, damals geh\u00f6rte der Ort jedoch zum Dorf Kintzheim. Die Expansion der Stadt begann im 11. Jahrhundert, als Hildegarde de Buren, Mutter der ersten Hohenstaufen, dort eine Kirche gr\u00fcndete, die ab 1094 von M\u00f6nchen aus Conques bewohnt wurde, die Sainte Foy verehrten.<br \/>\nDieses Priorat leitet die Stadt, bis Friedrich II. von Hohenstaufen S\u00e9lestat den Status einer freien Stadt verleiht. <\/p>\n","protected":false},"author":1,"featured_media":7632,"comment_status":"open","ping_status":"closed","sticky":false,"template":"","format":"standard","meta":{"_acf_changed":false,"footnotes":""},"categories":[73],"tags":[],"class_list":["post-6827","post","type-post","status-publish","format-standard","has-post-thumbnail","hentry","category-die-schonsten-dorfer"],"acf":[],"yoast_head":"<!-- This site is optimized with the Yoast SEO Premium plugin v21.7 (Yoast SEO v27.4) - https:\/\/yoast.com\/product\/yoast-seo-premium-wordpress\/ -->\n<title>Selestat - Laterale Residences<\/title>\n<meta name=\"robots\" content=\"index, follow, max-snippet:-1, max-image-preview:large, max-video-preview:-1\" \/>\n<link rel=\"canonical\" href=\"https:\/\/laterale-residences.com\/de\/selestat\/\" \/>\n<meta property=\"og:locale\" content=\"de_DE\" \/>\n<meta property=\"og:type\" content=\"article\" \/>\n<meta property=\"og:title\" content=\"Selestat\" \/>\n<meta property=\"og:description\" content=\"Der Legende nach wurde die Stadt vom Riesen Sletto gegr\u00fcndet. Die erste urkundliche Erw\u00e4hnung stammt aus dem 8. Jahrhundert, damals geh\u00f6rte der Ort jedoch zum Dorf Kintzheim. Die Expansion der Stadt begann im 11. Jahrhundert, als Hildegarde de Buren, Mutter der ersten Hohenstaufen, dort eine Kirche gr\u00fcndete, die ab 1094 von M\u00f6nchen aus Conques bewohnt wurde, die Sainte Foy verehrten. Dieses Priorat leitet die Stadt, bis Friedrich II. von Hohenstaufen S\u00e9lestat den Status einer freien Stadt verleiht.\" \/>\n<meta property=\"og:url\" content=\"https:\/\/laterale-residences.com\/de\/selestat\/\" \/>\n<meta property=\"og:site_name\" content=\"Laterale Residences\" \/>\n<meta property=\"article:published_time\" content=\"2022-04-25T06:26:42+00:00\" \/>\n<meta property=\"article:modified_time\" content=\"2022-07-01T07:15:47+00:00\" \/>\n<meta property=\"og:image\" content=\"https:\/\/laterale-residences.com\/wp-content\/uploads\/2022\/04\/IMG_1893-scaled.jpg\" \/>\n\t<meta property=\"og:image:width\" content=\"2560\" \/>\n\t<meta property=\"og:image:height\" content=\"1920\" \/>\n\t<meta property=\"og:image:type\" content=\"image\/jpeg\" \/>\n<meta name=\"author\" content=\"contact@laterale-residences.com\" \/>\n<meta name=\"twitter:card\" content=\"summary_large_image\" \/>\n<meta name=\"twitter:label1\" content=\"Verfasst von\" \/>\n\t<meta name=\"twitter:data1\" content=\"contact@laterale-residences.com\" \/>\n\t<meta name=\"twitter:label2\" content=\"Gesch\u00e4tzte Lesezeit\" \/>\n\t<meta name=\"twitter:data2\" content=\"3\u00a0Minuten\" \/>\n<script type=\"application\/ld+json\" class=\"yoast-schema-graph\">{\"@context\":\"https:\\\/\\\/schema.org\",\"@graph\":[{\"@type\":\"Article\",\"@id\":\"https:\\\/\\\/laterale-residences.com\\\/de\\\/selestat\\\/#article\",\"isPartOf\":{\"@id\":\"https:\\\/\\\/laterale-residences.com\\\/de\\\/selestat\\\/\"},\"author\":{\"name\":\"contact@laterale-residences.com\",\"@id\":\"https:\\\/\\\/laterale-residences.com\\\/de\\\/#\\\/schema\\\/person\\\/e059e7fbfe09a1de4a5070385ec9fce4\"},\"headline\":\"Selestat\",\"datePublished\":\"2022-04-25T06:26:42+00:00\",\"dateModified\":\"2022-07-01T07:15:47+00:00\",\"mainEntityOfPage\":{\"@id\":\"https:\\\/\\\/laterale-residences.com\\\/de\\\/selestat\\\/\"},\"wordCount\":521,\"commentCount\":0,\"publisher\":{\"@id\":\"https:\\\/\\\/laterale-residences.com\\\/de\\\/#organization\"},\"image\":{\"@id\":\"https:\\\/\\\/laterale-residences.com\\\/de\\\/selestat\\\/#primaryimage\"},\"thumbnailUrl\":\"https:\\\/\\\/laterale-residences.com\\\/wp-content\\\/uploads\\\/2022\\\/04\\\/IMG_1893-scaled.jpg\",\"articleSection\":[\"Die sch\u00f6nsten D\u00f6rfer\"],\"inLanguage\":\"de\",\"potentialAction\":[{\"@type\":\"CommentAction\",\"name\":\"Comment\",\"target\":[\"https:\\\/\\\/laterale-residences.com\\\/de\\\/selestat\\\/#respond\"]}]},{\"@type\":\"WebPage\",\"@id\":\"https:\\\/\\\/laterale-residences.com\\\/de\\\/selestat\\\/\",\"url\":\"https:\\\/\\\/laterale-residences.com\\\/de\\\/selestat\\\/\",\"name\":\"Selestat - Laterale Residences\",\"isPartOf\":{\"@id\":\"https:\\\/\\\/laterale-residences.com\\\/de\\\/#website\"},\"primaryImageOfPage\":{\"@id\":\"https:\\\/\\\/laterale-residences.com\\\/de\\\/selestat\\\/#primaryimage\"},\"image\":{\"@id\":\"https:\\\/\\\/laterale-residences.com\\\/de\\\/selestat\\\/#primaryimage\"},\"thumbnailUrl\":\"https:\\\/\\\/laterale-residences.com\\\/wp-content\\\/uploads\\\/2022\\\/04\\\/IMG_1893-scaled.jpg\",\"datePublished\":\"2022-04-25T06:26:42+00:00\",\"dateModified\":\"2022-07-01T07:15:47+00:00\",\"breadcrumb\":{\"@id\":\"https:\\\/\\\/laterale-residences.com\\\/de\\\/selestat\\\/#breadcrumb\"},\"inLanguage\":\"de\",\"potentialAction\":[{\"@type\":\"ReadAction\",\"target\":[\"https:\\\/\\\/laterale-residences.com\\\/de\\\/selestat\\\/\"]}]},{\"@type\":\"ImageObject\",\"inLanguage\":\"de\",\"@id\":\"https:\\\/\\\/laterale-residences.com\\\/de\\\/selestat\\\/#primaryimage\",\"url\":\"https:\\\/\\\/laterale-residences.com\\\/wp-content\\\/uploads\\\/2022\\\/04\\\/IMG_1893-scaled.jpg\",\"contentUrl\":\"https:\\\/\\\/laterale-residences.com\\\/wp-content\\\/uploads\\\/2022\\\/04\\\/IMG_1893-scaled.jpg\",\"width\":2560,\"height\":1920},{\"@type\":\"BreadcrumbList\",\"@id\":\"https:\\\/\\\/laterale-residences.com\\\/de\\\/selestat\\\/#breadcrumb\",\"itemListElement\":[{\"@type\":\"ListItem\",\"position\":1,\"name\":\"Accueil\",\"item\":\"https:\\\/\\\/laterale-residences.com\\\/de\\\/startseite\\\/\"},{\"@type\":\"ListItem\",\"position\":2,\"name\":\"Selestat\"}]},{\"@type\":\"WebSite\",\"@id\":\"https:\\\/\\\/laterale-residences.com\\\/de\\\/#website\",\"url\":\"https:\\\/\\\/laterale-residences.com\\\/de\\\/\",\"name\":\"Laterale Residences\",\"description\":\"Appartements Vacances Riquewihr sur la route des vins d&#039;Alsace\",\"publisher\":{\"@id\":\"https:\\\/\\\/laterale-residences.com\\\/de\\\/#organization\"},\"potentialAction\":[{\"@type\":\"SearchAction\",\"target\":{\"@type\":\"EntryPoint\",\"urlTemplate\":\"https:\\\/\\\/laterale-residences.com\\\/de\\\/?s={search_term_string}\"},\"query-input\":{\"@type\":\"PropertyValueSpecification\",\"valueRequired\":true,\"valueName\":\"search_term_string\"}}],\"inLanguage\":\"de\"},{\"@type\":\"Organization\",\"@id\":\"https:\\\/\\\/laterale-residences.com\\\/de\\\/#organization\",\"name\":\"Laterale Residences\",\"url\":\"https:\\\/\\\/laterale-residences.com\\\/de\\\/\",\"logo\":{\"@type\":\"ImageObject\",\"inLanguage\":\"de\",\"@id\":\"https:\\\/\\\/laterale-residences.com\\\/de\\\/#\\\/schema\\\/logo\\\/image\\\/\",\"url\":\"https:\\\/\\\/laterale-residences.com\\\/wp-content\\\/uploads\\\/2021\\\/07\\\/logo_laterale_residences_etoiles.png\",\"contentUrl\":\"https:\\\/\\\/laterale-residences.com\\\/wp-content\\\/uploads\\\/2021\\\/07\\\/logo_laterale_residences_etoiles.png\",\"width\":600,\"height\":600,\"caption\":\"Laterale Residences\"},\"image\":{\"@id\":\"https:\\\/\\\/laterale-residences.com\\\/de\\\/#\\\/schema\\\/logo\\\/image\\\/\"}},{\"@type\":\"Person\",\"@id\":\"https:\\\/\\\/laterale-residences.com\\\/de\\\/#\\\/schema\\\/person\\\/e059e7fbfe09a1de4a5070385ec9fce4\",\"name\":\"contact@laterale-residences.com\",\"image\":{\"@type\":\"ImageObject\",\"inLanguage\":\"de\",\"@id\":\"https:\\\/\\\/secure.gravatar.com\\\/avatar\\\/2c6c46f89a7f510c694de34f653d75e6ce9a2782a83b3663358d125500655620?s=96&d=mm&r=g\",\"url\":\"https:\\\/\\\/secure.gravatar.com\\\/avatar\\\/2c6c46f89a7f510c694de34f653d75e6ce9a2782a83b3663358d125500655620?s=96&d=mm&r=g\",\"contentUrl\":\"https:\\\/\\\/secure.gravatar.com\\\/avatar\\\/2c6c46f89a7f510c694de34f653d75e6ce9a2782a83b3663358d125500655620?s=96&d=mm&r=g\",\"caption\":\"contact@laterale-residences.com\"},\"sameAs\":[\"https:\\\/\\\/laterale-residences.com\"],\"worksFor\":\"LATERALE RESIDENCES sarl\",\"url\":\"https:\\\/\\\/laterale-residences.com\\\/de\\\/author\\\/contactlaterale-residences-com\\\/\"}]}<\/script>\n<!-- \/ Yoast SEO Premium plugin. -->","yoast_head_json":{"title":"Selestat - Laterale Residences","robots":{"index":"index","follow":"follow","max-snippet":"max-snippet:-1","max-image-preview":"max-image-preview:large","max-video-preview":"max-video-preview:-1"},"canonical":"https:\/\/laterale-residences.com\/de\/selestat\/","og_locale":"de_DE","og_type":"article","og_title":"Selestat","og_description":"Der Legende nach wurde die Stadt vom Riesen Sletto gegr\u00fcndet. Die erste urkundliche Erw\u00e4hnung stammt aus dem 8. Jahrhundert, damals geh\u00f6rte der Ort jedoch zum Dorf Kintzheim. Die Expansion der Stadt begann im 11. Jahrhundert, als Hildegarde de Buren, Mutter der ersten Hohenstaufen, dort eine Kirche gr\u00fcndete, die ab 1094 von M\u00f6nchen aus Conques bewohnt wurde, die Sainte Foy verehrten. Dieses Priorat leitet die Stadt, bis Friedrich II. von Hohenstaufen S\u00e9lestat den Status einer freien Stadt verleiht.","og_url":"https:\/\/laterale-residences.com\/de\/selestat\/","og_site_name":"Laterale Residences","article_published_time":"2022-04-25T06:26:42+00:00","article_modified_time":"2022-07-01T07:15:47+00:00","og_image":[{"width":2560,"height":1920,"url":"https:\/\/laterale-residences.com\/wp-content\/uploads\/2022\/04\/IMG_1893-scaled.jpg","type":"image\/jpeg"}],"author":"contact@laterale-residences.com","twitter_card":"summary_large_image","twitter_misc":{"Verfasst von":"contact@laterale-residences.com","Gesch\u00e4tzte Lesezeit":"3\u00a0Minuten"},"schema":{"@context":"https:\/\/schema.org","@graph":[{"@type":"Article","@id":"https:\/\/laterale-residences.com\/de\/selestat\/#article","isPartOf":{"@id":"https:\/\/laterale-residences.com\/de\/selestat\/"},"author":{"name":"contact@laterale-residences.com","@id":"https:\/\/laterale-residences.com\/de\/#\/schema\/person\/e059e7fbfe09a1de4a5070385ec9fce4"},"headline":"Selestat","datePublished":"2022-04-25T06:26:42+00:00","dateModified":"2022-07-01T07:15:47+00:00","mainEntityOfPage":{"@id":"https:\/\/laterale-residences.com\/de\/selestat\/"},"wordCount":521,"commentCount":0,"publisher":{"@id":"https:\/\/laterale-residences.com\/de\/#organization"},"image":{"@id":"https:\/\/laterale-residences.com\/de\/selestat\/#primaryimage"},"thumbnailUrl":"https:\/\/laterale-residences.com\/wp-content\/uploads\/2022\/04\/IMG_1893-scaled.jpg","articleSection":["Die sch\u00f6nsten D\u00f6rfer"],"inLanguage":"de","potentialAction":[{"@type":"CommentAction","name":"Comment","target":["https:\/\/laterale-residences.com\/de\/selestat\/#respond"]}]},{"@type":"WebPage","@id":"https:\/\/laterale-residences.com\/de\/selestat\/","url":"https:\/\/laterale-residences.com\/de\/selestat\/","name":"Selestat - Laterale Residences","isPartOf":{"@id":"https:\/\/laterale-residences.com\/de\/#website"},"primaryImageOfPage":{"@id":"https:\/\/laterale-residences.com\/de\/selestat\/#primaryimage"},"image":{"@id":"https:\/\/laterale-residences.com\/de\/selestat\/#primaryimage"},"thumbnailUrl":"https:\/\/laterale-residences.com\/wp-content\/uploads\/2022\/04\/IMG_1893-scaled.jpg","datePublished":"2022-04-25T06:26:42+00:00","dateModified":"2022-07-01T07:15:47+00:00","breadcrumb":{"@id":"https:\/\/laterale-residences.com\/de\/selestat\/#breadcrumb"},"inLanguage":"de","potentialAction":[{"@type":"ReadAction","target":["https:\/\/laterale-residences.com\/de\/selestat\/"]}]},{"@type":"ImageObject","inLanguage":"de","@id":"https:\/\/laterale-residences.com\/de\/selestat\/#primaryimage","url":"https:\/\/laterale-residences.com\/wp-content\/uploads\/2022\/04\/IMG_1893-scaled.jpg","contentUrl":"https:\/\/laterale-residences.com\/wp-content\/uploads\/2022\/04\/IMG_1893-scaled.jpg","width":2560,"height":1920},{"@type":"BreadcrumbList","@id":"https:\/\/laterale-residences.com\/de\/selestat\/#breadcrumb","itemListElement":[{"@type":"ListItem","position":1,"name":"Accueil","item":"https:\/\/laterale-residences.com\/de\/startseite\/"},{"@type":"ListItem","position":2,"name":"Selestat"}]},{"@type":"WebSite","@id":"https:\/\/laterale-residences.com\/de\/#website","url":"https:\/\/laterale-residences.com\/de\/","name":"Laterale Residences","description":"Appartements Vacances Riquewihr sur la route des vins d&#039;Alsace","publisher":{"@id":"https:\/\/laterale-residences.com\/de\/#organization"},"potentialAction":[{"@type":"SearchAction","target":{"@type":"EntryPoint","urlTemplate":"https:\/\/laterale-residences.com\/de\/?s={search_term_string}"},"query-input":{"@type":"PropertyValueSpecification","valueRequired":true,"valueName":"search_term_string"}}],"inLanguage":"de"},{"@type":"Organization","@id":"https:\/\/laterale-residences.com\/de\/#organization","name":"Laterale Residences","url":"https:\/\/laterale-residences.com\/de\/","logo":{"@type":"ImageObject","inLanguage":"de","@id":"https:\/\/laterale-residences.com\/de\/#\/schema\/logo\/image\/","url":"https:\/\/laterale-residences.com\/wp-content\/uploads\/2021\/07\/logo_laterale_residences_etoiles.png","contentUrl":"https:\/\/laterale-residences.com\/wp-content\/uploads\/2021\/07\/logo_laterale_residences_etoiles.png","width":600,"height":600,"caption":"Laterale Residences"},"image":{"@id":"https:\/\/laterale-residences.com\/de\/#\/schema\/logo\/image\/"}},{"@type":"Person","@id":"https:\/\/laterale-residences.com\/de\/#\/schema\/person\/e059e7fbfe09a1de4a5070385ec9fce4","name":"contact@laterale-residences.com","image":{"@type":"ImageObject","inLanguage":"de","@id":"https:\/\/secure.gravatar.com\/avatar\/2c6c46f89a7f510c694de34f653d75e6ce9a2782a83b3663358d125500655620?s=96&d=mm&r=g","url":"https:\/\/secure.gravatar.com\/avatar\/2c6c46f89a7f510c694de34f653d75e6ce9a2782a83b3663358d125500655620?s=96&d=mm&r=g","contentUrl":"https:\/\/secure.gravatar.com\/avatar\/2c6c46f89a7f510c694de34f653d75e6ce9a2782a83b3663358d125500655620?s=96&d=mm&r=g","caption":"contact@laterale-residences.com"},"sameAs":["https:\/\/laterale-residences.com"],"worksFor":"LATERALE RESIDENCES sarl","url":"https:\/\/laterale-residences.com\/de\/author\/contactlaterale-residences-com\/"}]}},"_links":{"self":[{"href":"https:\/\/laterale-residences.com\/de\/wp-json\/wp\/v2\/posts\/6827","targetHints":{"allow":["GET"]}}],"collection":[{"href":"https:\/\/laterale-residences.com\/de\/wp-json\/wp\/v2\/posts"}],"about":[{"href":"https:\/\/laterale-residences.com\/de\/wp-json\/wp\/v2\/types\/post"}],"author":[{"embeddable":true,"href":"https:\/\/laterale-residences.com\/de\/wp-json\/wp\/v2\/users\/1"}],"replies":[{"embeddable":true,"href":"https:\/\/laterale-residences.com\/de\/wp-json\/wp\/v2\/comments?post=6827"}],"version-history":[{"count":13,"href":"https:\/\/laterale-residences.com\/de\/wp-json\/wp\/v2\/posts\/6827\/revisions"}],"predecessor-version":[{"id":14809,"href":"https:\/\/laterale-residences.com\/de\/wp-json\/wp\/v2\/posts\/6827\/revisions\/14809"}],"wp:featuredmedia":[{"embeddable":true,"href":"https:\/\/laterale-residences.com\/de\/wp-json\/wp\/v2\/media\/7632"}],"wp:attachment":[{"href":"https:\/\/laterale-residences.com\/de\/wp-json\/wp\/v2\/media?parent=6827"}],"wp:term":[{"taxonomy":"category","embeddable":true,"href":"https:\/\/laterale-residences.com\/de\/wp-json\/wp\/v2\/categories?post=6827"},{"taxonomy":"post_tag","embeddable":true,"href":"https:\/\/laterale-residences.com\/de\/wp-json\/wp\/v2\/tags?post=6827"}],"curies":[{"name":"wp","href":"https:\/\/api.w.org\/{rel}","templated":true}]}}