{"id":6579,"date":"2021-07-27T15:46:56","date_gmt":"2021-07-27T13:46:56","guid":{"rendered":"https:\/\/laterale-residences.com\/entdecken-sie-das-elsass-mit-dem-fahrrad\/"},"modified":"2024-02-18T18:57:28","modified_gmt":"2024-02-18T17:57:28","slug":"entdecken-sie-das-elsass-mit-dem-fahrrad","status":"publish","type":"post","link":"https:\/\/laterale-residences.com\/de\/entdecken-sie-das-elsass-mit-dem-fahrrad\/","title":{"rendered":"Entdecken Sie das Elsass mit dem Fahrrad&#8230;"},"content":{"rendered":"\r\n<p>La route des vins est un itin\u00e9raire enchanteur qui invite \u00e0 la d\u00e9couverte de la r\u00e9gion de ses vignerons et de leurs caves qui renferment tout le savoir authentique \u00e0 l\u2019\u00e9laboration des grands vins d\u2019Alsace. LATERALE RESIDENCES vous invite \u00e0 d\u00e9couvrir \u00e0 travers diff\u00e9rentes balades \u00e0 v\u00e9lo avec assistance \u00e9lectrique la plus c\u00e9l\u00e8bre route des vins de France. Les moins sportifs vont se sentir pousser des ailes.<\/p>\r\n<h2 class=\"wp-block-heading\">Alsa Cyclo Tours<\/h2>\r\n\r\n<p><a href=\"http:\/\/alsacyclotours.alsace\/\">http:\/\/alsacyclotours.alsace\/<\/a><\/p>\r\n<p><strong>(+33) 03 69 45 92 70<\/strong><\/p>\r\n\r\n<p><img decoding=\"async\" class=\"wp-image-1502 alignright\" src=\"https:\/\/laterale-residences.com\/wp-content\/uploads\/2022\/04\/logo_alsa_cyclo_tours_bg_white_250.png\" alt=\"\" width=\"209\" height=\"209\" srcset=\"https:\/\/laterale-residences.com\/wp-content\/uploads\/2022\/04\/logo_alsa_cyclo_tours_bg_white_250.png 250w, https:\/\/laterale-residences.com\/wp-content\/uploads\/2022\/04\/logo_alsa_cyclo_tours_bg_white_250-150x150.png 150w\" sizes=\"(max-width: 209px) 100vw, 209px\"><\/p>\r\n<p><span class=\"LrzXr\">3 Rue de Pairis, 68420 Eguisheim<\/span><\/p>\r\n<p>Montag geschlossen<br>Dienstag 09:15\u201312:45, 14:15\u201317:45<br>Mittwoch 09:15\u201312:45, 14:15\u201317:45<br>Donnerstag 09:15\u201312:45, 14:15\u201317:45<br>Freitag 9:15\u201312:45, 14:15\u201317:45<br>Samstag 9:15\u201312:45, 14:15\u201317:45<br>Sonntag 9:15\u201312:45, 14:15\u201317:45<\/p>\r\n<h2>\u00a0<\/h2>\r\n<h2>Ribo Cycles<\/h2>\r\n<p><\/p>\r\n<p><strong>(+33) 03 89 73 72 94<\/strong><\/p>\r\n<p><\/p>\r\n<p><span class=\"LrzXr\">17 rue de Landau, 68150 Ribeauville<\/span><\/p>\r\n<p>Montag geschlossen<br>Dienstag 09:00\u201312:00, 14:00\u201318:00<br>Mittwoch 09:00\u201312:00, 14:00\u201318:00<br>Donnerstag 09:00\u201312:00, 14:00\u201318:00<br>Freitag 09:00\u201312:00, 14:00\u201318:00<br>Samstag 09:00\u201312:00, 14:00\u201317:00<br>Sonntag geschlossen<\/p>\r\n<p>\u00a0<\/p>\r\n<h2>Loueurs de v\u00e9los &amp; Circuits en Alsace\u00a0\u00a0\u00a0 <img decoding=\"async\" class=\"wp-image-1509 alignright\" src=\"https:\/\/laterale-residences.com\/wp-content\/uploads\/2022\/04\/visuel_application_mars.png\" alt=\"\" width=\"159\" height=\"159\" srcset=\"https:\/\/laterale-residences.com\/wp-content\/uploads\/2022\/04\/visuel_application_mars.png 175w, https:\/\/laterale-residences.com\/wp-content\/uploads\/2022\/04\/visuel_application_mars-150x150.png 150w\" sizes=\"(max-width: 159px) 100vw, 159px\"><\/h2>\r\n<p><\/p>\r\n<p>Sie machen Urlaub im Elsass und m\u00f6chten ein Fahrrad f\u00fcr einen Tagesausflug mieten oder das ganze Elsass mit dem Fahrrad entdecken, ohne sich Gedanken \u00fcber die Route Ihres Zweirads machen zu m\u00fcssen? Konsultieren Sie die Liste der Fahrradvermieter in der Region. Fahrradgesch\u00e4fte, Beherbergungsbetriebe und Fremdenverkehrs\u00e4mter k\u00f6nnen Ihnen gute Angebote machen, um das Elsass mit dem Fahrrad zu entdecken. Probieren Sie das elektrisch unterst\u00fctzte Fahrrad (VAE) aus und erklimmen Sie die Gipfel der Vogesen! <br>Finden Sie unter allen Routen, die Elsass mit dem Fahrrad anbietet, die Rundstrecke oder Radtour, die zu Ihnen passt.<\/p>\r\n<p><a href=\"https:\/\/www.alsaceavelo.fr\/services\/ou-louer-un-velo.html?a=1&amp;elcriterio%5B%5D=1900461&amp;modalidad%5B%5D=1909895&amp;minimo%5B%5D=&amp;maximo%5B%5D=&amp;calctot=0&amp;limitstart=0&amp;lstjelm_46000089=lstjelm_46000089_2\" target=\"_blank\" rel=\"noopener\">https:\/\/www.alsaceavelo.fr<\/a><\/p>\r\n\r\n<p>\u00a0<\/p>\r\n\r\n<p>\u00a0<\/p>\r\n","protected":false},"excerpt":{"rendered":"<p>Wo Sie Elektrofahrr\u00e4der mieten k\u00f6nnen, um die ber\u00fchmteste Weinstra\u00dfe Frankreichs zu entdecken. Bereiten Sie Ihren Ausflug mithilfe der Website &#8222;ALsace \u00e0 v\u00e9lo&#8220; vor &#8230; Artikel lesen Mehr dazu&#8230;<\/p>\n","protected":false},"author":1,"featured_media":5466,"comment_status":"open","ping_status":"closed","sticky":false,"template":"","format":"standard","meta":{"_acf_changed":false,"footnotes":""},"categories":[208],"tags":[],"class_list":["post-6579","post","type-post","status-publish","format-standard","has-post-thumbnail","hentry","category-sport-de"],"acf":[],"yoast_head":"<!-- This site is optimized with the Yoast SEO Premium plugin v21.7 (Yoast SEO v27.5) - https:\/\/yoast.com\/product\/yoast-seo-premium-wordpress\/ -->\n<title>Entdecken Sie das Elsass mit dem Fahrrad... - Laterale Residences<\/title>\n<meta name=\"robots\" content=\"index, follow, max-snippet:-1, max-image-preview:large, max-video-preview:-1\" \/>\n<link rel=\"canonical\" href=\"https:\/\/laterale-residences.com\/de\/entdecken-sie-das-elsass-mit-dem-fahrrad\/\" \/>\n<meta property=\"og:locale\" content=\"de_DE\" \/>\n<meta property=\"og:type\" content=\"article\" \/>\n<meta property=\"og:title\" content=\"Entdecken Sie das Elsass mit dem Fahrrad...\" \/>\n<meta property=\"og:description\" content=\"Wo Sie Elektrofahrr\u00e4der mieten k\u00f6nnen, um die ber\u00fchmteste Weinstra\u00dfe Frankreichs zu entdecken. Bereiten Sie Ihren Ausflug mithilfe der Website &quot;ALsace \u00e0 v\u00e9lo&quot; vor ... Artikel lesen Mehr dazu...\" \/>\n<meta property=\"og:url\" content=\"https:\/\/laterale-residences.com\/de\/entdecken-sie-das-elsass-mit-dem-fahrrad\/\" \/>\n<meta property=\"og:site_name\" content=\"Laterale Residences\" \/>\n<meta property=\"article:published_time\" content=\"2021-07-27T13:46:56+00:00\" \/>\n<meta property=\"article:modified_time\" content=\"2024-02-18T17:57:28+00:00\" \/>\n<meta property=\"og:image\" content=\"https:\/\/laterale-residences.com\/wp-content\/uploads\/2022\/04\/253001199-alsa-cyclo-tours-lalsace-grandeur-nature-1-1600x900-1.jpg\" \/>\n\t<meta property=\"og:image:width\" content=\"1600\" \/>\n\t<meta property=\"og:image:height\" content=\"900\" \/>\n\t<meta property=\"og:image:type\" content=\"image\/jpeg\" \/>\n<meta name=\"author\" content=\"contact@laterale-residences.com\" \/>\n<meta name=\"twitter:card\" content=\"summary_large_image\" \/>\n<meta name=\"twitter:label1\" content=\"Verfasst von\" \/>\n\t<meta name=\"twitter:data1\" content=\"contact@laterale-residences.com\" \/>\n\t<meta name=\"twitter:label2\" content=\"Gesch\u00e4tzte Lesezeit\" \/>\n\t<meta name=\"twitter:data2\" content=\"1\u00a0Minute\" \/>\n<script type=\"application\/ld+json\" class=\"yoast-schema-graph\">{\"@context\":\"https:\\\/\\\/schema.org\",\"@graph\":[{\"@type\":\"Article\",\"@id\":\"https:\\\/\\\/laterale-residences.com\\\/de\\\/entdecken-sie-das-elsass-mit-dem-fahrrad\\\/#article\",\"isPartOf\":{\"@id\":\"https:\\\/\\\/laterale-residences.com\\\/de\\\/entdecken-sie-das-elsass-mit-dem-fahrrad\\\/\"},\"author\":{\"name\":\"contact@laterale-residences.com\",\"@id\":\"https:\\\/\\\/laterale-residences.com\\\/de\\\/#\\\/schema\\\/person\\\/e059e7fbfe09a1de4a5070385ec9fce4\"},\"headline\":\"Entdecken Sie das Elsass mit dem Fahrrad&#8230;\",\"datePublished\":\"2021-07-27T13:46:56+00:00\",\"dateModified\":\"2024-02-18T17:57:28+00:00\",\"mainEntityOfPage\":{\"@id\":\"https:\\\/\\\/laterale-residences.com\\\/de\\\/entdecken-sie-das-elsass-mit-dem-fahrrad\\\/\"},\"wordCount\":221,\"commentCount\":0,\"publisher\":{\"@id\":\"https:\\\/\\\/laterale-residences.com\\\/de\\\/#organization\"},\"image\":{\"@id\":\"https:\\\/\\\/laterale-residences.com\\\/de\\\/entdecken-sie-das-elsass-mit-dem-fahrrad\\\/#primaryimage\"},\"thumbnailUrl\":\"https:\\\/\\\/laterale-residences.com\\\/wp-content\\\/uploads\\\/2022\\\/04\\\/253001199-alsa-cyclo-tours-lalsace-grandeur-nature-1-1600x900-1.jpg\",\"articleSection\":[\"Sport\"],\"inLanguage\":\"de\",\"potentialAction\":[{\"@type\":\"CommentAction\",\"name\":\"Comment\",\"target\":[\"https:\\\/\\\/laterale-residences.com\\\/de\\\/entdecken-sie-das-elsass-mit-dem-fahrrad\\\/#respond\"]}]},{\"@type\":\"WebPage\",\"@id\":\"https:\\\/\\\/laterale-residences.com\\\/de\\\/entdecken-sie-das-elsass-mit-dem-fahrrad\\\/\",\"url\":\"https:\\\/\\\/laterale-residences.com\\\/de\\\/entdecken-sie-das-elsass-mit-dem-fahrrad\\\/\",\"name\":\"Entdecken Sie das Elsass mit dem Fahrrad... - Laterale Residences\",\"isPartOf\":{\"@id\":\"https:\\\/\\\/laterale-residences.com\\\/de\\\/#website\"},\"primaryImageOfPage\":{\"@id\":\"https:\\\/\\\/laterale-residences.com\\\/de\\\/entdecken-sie-das-elsass-mit-dem-fahrrad\\\/#primaryimage\"},\"image\":{\"@id\":\"https:\\\/\\\/laterale-residences.com\\\/de\\\/entdecken-sie-das-elsass-mit-dem-fahrrad\\\/#primaryimage\"},\"thumbnailUrl\":\"https:\\\/\\\/laterale-residences.com\\\/wp-content\\\/uploads\\\/2022\\\/04\\\/253001199-alsa-cyclo-tours-lalsace-grandeur-nature-1-1600x900-1.jpg\",\"datePublished\":\"2021-07-27T13:46:56+00:00\",\"dateModified\":\"2024-02-18T17:57:28+00:00\",\"breadcrumb\":{\"@id\":\"https:\\\/\\\/laterale-residences.com\\\/de\\\/entdecken-sie-das-elsass-mit-dem-fahrrad\\\/#breadcrumb\"},\"inLanguage\":\"de\",\"potentialAction\":[{\"@type\":\"ReadAction\",\"target\":[\"https:\\\/\\\/laterale-residences.com\\\/de\\\/entdecken-sie-das-elsass-mit-dem-fahrrad\\\/\"]}]},{\"@type\":\"ImageObject\",\"inLanguage\":\"de\",\"@id\":\"https:\\\/\\\/laterale-residences.com\\\/de\\\/entdecken-sie-das-elsass-mit-dem-fahrrad\\\/#primaryimage\",\"url\":\"https:\\\/\\\/laterale-residences.com\\\/wp-content\\\/uploads\\\/2022\\\/04\\\/253001199-alsa-cyclo-tours-lalsace-grandeur-nature-1-1600x900-1.jpg\",\"contentUrl\":\"https:\\\/\\\/laterale-residences.com\\\/wp-content\\\/uploads\\\/2022\\\/04\\\/253001199-alsa-cyclo-tours-lalsace-grandeur-nature-1-1600x900-1.jpg\",\"width\":1600,\"height\":900},{\"@type\":\"BreadcrumbList\",\"@id\":\"https:\\\/\\\/laterale-residences.com\\\/de\\\/entdecken-sie-das-elsass-mit-dem-fahrrad\\\/#breadcrumb\",\"itemListElement\":[{\"@type\":\"ListItem\",\"position\":1,\"name\":\"Accueil\",\"item\":\"https:\\\/\\\/laterale-residences.com\\\/de\\\/startseite\\\/\"},{\"@type\":\"ListItem\",\"position\":2,\"name\":\"Entdecken Sie das Elsass mit dem Fahrrad&#8230;\"}]},{\"@type\":\"WebSite\",\"@id\":\"https:\\\/\\\/laterale-residences.com\\\/de\\\/#website\",\"url\":\"https:\\\/\\\/laterale-residences.com\\\/de\\\/\",\"name\":\"Laterale Residences\",\"description\":\"Appartements Vacances Riquewihr sur la route des vins d&#039;Alsace\",\"publisher\":{\"@id\":\"https:\\\/\\\/laterale-residences.com\\\/de\\\/#organization\"},\"potentialAction\":[{\"@type\":\"SearchAction\",\"target\":{\"@type\":\"EntryPoint\",\"urlTemplate\":\"https:\\\/\\\/laterale-residences.com\\\/de\\\/?s={search_term_string}\"},\"query-input\":{\"@type\":\"PropertyValueSpecification\",\"valueRequired\":true,\"valueName\":\"search_term_string\"}}],\"inLanguage\":\"de\"},{\"@type\":\"Organization\",\"@id\":\"https:\\\/\\\/laterale-residences.com\\\/de\\\/#organization\",\"name\":\"Laterale Residences\",\"url\":\"https:\\\/\\\/laterale-residences.com\\\/de\\\/\",\"logo\":{\"@type\":\"ImageObject\",\"inLanguage\":\"de\",\"@id\":\"https:\\\/\\\/laterale-residences.com\\\/de\\\/#\\\/schema\\\/logo\\\/image\\\/\",\"url\":\"https:\\\/\\\/laterale-residences.com\\\/wp-content\\\/uploads\\\/2021\\\/07\\\/logo_laterale_residences_etoiles.png\",\"contentUrl\":\"https:\\\/\\\/laterale-residences.com\\\/wp-content\\\/uploads\\\/2021\\\/07\\\/logo_laterale_residences_etoiles.png\",\"width\":600,\"height\":600,\"caption\":\"Laterale Residences\"},\"image\":{\"@id\":\"https:\\\/\\\/laterale-residences.com\\\/de\\\/#\\\/schema\\\/logo\\\/image\\\/\"}},{\"@type\":\"Person\",\"@id\":\"https:\\\/\\\/laterale-residences.com\\\/de\\\/#\\\/schema\\\/person\\\/e059e7fbfe09a1de4a5070385ec9fce4\",\"name\":\"contact@laterale-residences.com\",\"image\":{\"@type\":\"ImageObject\",\"inLanguage\":\"de\",\"@id\":\"https:\\\/\\\/secure.gravatar.com\\\/avatar\\\/2c6c46f89a7f510c694de34f653d75e6ce9a2782a83b3663358d125500655620?s=96&d=mm&r=g\",\"url\":\"https:\\\/\\\/secure.gravatar.com\\\/avatar\\\/2c6c46f89a7f510c694de34f653d75e6ce9a2782a83b3663358d125500655620?s=96&d=mm&r=g\",\"contentUrl\":\"https:\\\/\\\/secure.gravatar.com\\\/avatar\\\/2c6c46f89a7f510c694de34f653d75e6ce9a2782a83b3663358d125500655620?s=96&d=mm&r=g\",\"caption\":\"contact@laterale-residences.com\"},\"sameAs\":[\"https:\\\/\\\/laterale-residences.com\"],\"worksFor\":\"LATERALE RESIDENCES sarl\",\"url\":\"https:\\\/\\\/laterale-residences.com\\\/de\\\/author\\\/contactlaterale-residences-com\\\/\"}]}<\/script>\n<!-- \/ Yoast SEO Premium plugin. -->","yoast_head_json":{"title":"Entdecken Sie das Elsass mit dem Fahrrad... - Laterale Residences","robots":{"index":"index","follow":"follow","max-snippet":"max-snippet:-1","max-image-preview":"max-image-preview:large","max-video-preview":"max-video-preview:-1"},"canonical":"https:\/\/laterale-residences.com\/de\/entdecken-sie-das-elsass-mit-dem-fahrrad\/","og_locale":"de_DE","og_type":"article","og_title":"Entdecken Sie das Elsass mit dem Fahrrad...","og_description":"Wo Sie Elektrofahrr\u00e4der mieten k\u00f6nnen, um die ber\u00fchmteste Weinstra\u00dfe Frankreichs zu entdecken. Bereiten Sie Ihren Ausflug mithilfe der Website \"ALsace \u00e0 v\u00e9lo\" vor ... Artikel lesen Mehr dazu...","og_url":"https:\/\/laterale-residences.com\/de\/entdecken-sie-das-elsass-mit-dem-fahrrad\/","og_site_name":"Laterale Residences","article_published_time":"2021-07-27T13:46:56+00:00","article_modified_time":"2024-02-18T17:57:28+00:00","og_image":[{"width":1600,"height":900,"url":"https:\/\/laterale-residences.com\/wp-content\/uploads\/2022\/04\/253001199-alsa-cyclo-tours-lalsace-grandeur-nature-1-1600x900-1.jpg","type":"image\/jpeg"}],"author":"contact@laterale-residences.com","twitter_card":"summary_large_image","twitter_misc":{"Verfasst von":"contact@laterale-residences.com","Gesch\u00e4tzte Lesezeit":"1\u00a0Minute"},"schema":{"@context":"https:\/\/schema.org","@graph":[{"@type":"Article","@id":"https:\/\/laterale-residences.com\/de\/entdecken-sie-das-elsass-mit-dem-fahrrad\/#article","isPartOf":{"@id":"https:\/\/laterale-residences.com\/de\/entdecken-sie-das-elsass-mit-dem-fahrrad\/"},"author":{"name":"contact@laterale-residences.com","@id":"https:\/\/laterale-residences.com\/de\/#\/schema\/person\/e059e7fbfe09a1de4a5070385ec9fce4"},"headline":"Entdecken Sie das Elsass mit dem Fahrrad&#8230;","datePublished":"2021-07-27T13:46:56+00:00","dateModified":"2024-02-18T17:57:28+00:00","mainEntityOfPage":{"@id":"https:\/\/laterale-residences.com\/de\/entdecken-sie-das-elsass-mit-dem-fahrrad\/"},"wordCount":221,"commentCount":0,"publisher":{"@id":"https:\/\/laterale-residences.com\/de\/#organization"},"image":{"@id":"https:\/\/laterale-residences.com\/de\/entdecken-sie-das-elsass-mit-dem-fahrrad\/#primaryimage"},"thumbnailUrl":"https:\/\/laterale-residences.com\/wp-content\/uploads\/2022\/04\/253001199-alsa-cyclo-tours-lalsace-grandeur-nature-1-1600x900-1.jpg","articleSection":["Sport"],"inLanguage":"de","potentialAction":[{"@type":"CommentAction","name":"Comment","target":["https:\/\/laterale-residences.com\/de\/entdecken-sie-das-elsass-mit-dem-fahrrad\/#respond"]}]},{"@type":"WebPage","@id":"https:\/\/laterale-residences.com\/de\/entdecken-sie-das-elsass-mit-dem-fahrrad\/","url":"https:\/\/laterale-residences.com\/de\/entdecken-sie-das-elsass-mit-dem-fahrrad\/","name":"Entdecken Sie das Elsass mit dem Fahrrad... - Laterale Residences","isPartOf":{"@id":"https:\/\/laterale-residences.com\/de\/#website"},"primaryImageOfPage":{"@id":"https:\/\/laterale-residences.com\/de\/entdecken-sie-das-elsass-mit-dem-fahrrad\/#primaryimage"},"image":{"@id":"https:\/\/laterale-residences.com\/de\/entdecken-sie-das-elsass-mit-dem-fahrrad\/#primaryimage"},"thumbnailUrl":"https:\/\/laterale-residences.com\/wp-content\/uploads\/2022\/04\/253001199-alsa-cyclo-tours-lalsace-grandeur-nature-1-1600x900-1.jpg","datePublished":"2021-07-27T13:46:56+00:00","dateModified":"2024-02-18T17:57:28+00:00","breadcrumb":{"@id":"https:\/\/laterale-residences.com\/de\/entdecken-sie-das-elsass-mit-dem-fahrrad\/#breadcrumb"},"inLanguage":"de","potentialAction":[{"@type":"ReadAction","target":["https:\/\/laterale-residences.com\/de\/entdecken-sie-das-elsass-mit-dem-fahrrad\/"]}]},{"@type":"ImageObject","inLanguage":"de","@id":"https:\/\/laterale-residences.com\/de\/entdecken-sie-das-elsass-mit-dem-fahrrad\/#primaryimage","url":"https:\/\/laterale-residences.com\/wp-content\/uploads\/2022\/04\/253001199-alsa-cyclo-tours-lalsace-grandeur-nature-1-1600x900-1.jpg","contentUrl":"https:\/\/laterale-residences.com\/wp-content\/uploads\/2022\/04\/253001199-alsa-cyclo-tours-lalsace-grandeur-nature-1-1600x900-1.jpg","width":1600,"height":900},{"@type":"BreadcrumbList","@id":"https:\/\/laterale-residences.com\/de\/entdecken-sie-das-elsass-mit-dem-fahrrad\/#breadcrumb","itemListElement":[{"@type":"ListItem","position":1,"name":"Accueil","item":"https:\/\/laterale-residences.com\/de\/startseite\/"},{"@type":"ListItem","position":2,"name":"Entdecken Sie das Elsass mit dem Fahrrad&#8230;"}]},{"@type":"WebSite","@id":"https:\/\/laterale-residences.com\/de\/#website","url":"https:\/\/laterale-residences.com\/de\/","name":"Laterale Residences","description":"Appartements Vacances Riquewihr sur la route des vins d&#039;Alsace","publisher":{"@id":"https:\/\/laterale-residences.com\/de\/#organization"},"potentialAction":[{"@type":"SearchAction","target":{"@type":"EntryPoint","urlTemplate":"https:\/\/laterale-residences.com\/de\/?s={search_term_string}"},"query-input":{"@type":"PropertyValueSpecification","valueRequired":true,"valueName":"search_term_string"}}],"inLanguage":"de"},{"@type":"Organization","@id":"https:\/\/laterale-residences.com\/de\/#organization","name":"Laterale Residences","url":"https:\/\/laterale-residences.com\/de\/","logo":{"@type":"ImageObject","inLanguage":"de","@id":"https:\/\/laterale-residences.com\/de\/#\/schema\/logo\/image\/","url":"https:\/\/laterale-residences.com\/wp-content\/uploads\/2021\/07\/logo_laterale_residences_etoiles.png","contentUrl":"https:\/\/laterale-residences.com\/wp-content\/uploads\/2021\/07\/logo_laterale_residences_etoiles.png","width":600,"height":600,"caption":"Laterale Residences"},"image":{"@id":"https:\/\/laterale-residences.com\/de\/#\/schema\/logo\/image\/"}},{"@type":"Person","@id":"https:\/\/laterale-residences.com\/de\/#\/schema\/person\/e059e7fbfe09a1de4a5070385ec9fce4","name":"contact@laterale-residences.com","image":{"@type":"ImageObject","inLanguage":"de","@id":"https:\/\/secure.gravatar.com\/avatar\/2c6c46f89a7f510c694de34f653d75e6ce9a2782a83b3663358d125500655620?s=96&d=mm&r=g","url":"https:\/\/secure.gravatar.com\/avatar\/2c6c46f89a7f510c694de34f653d75e6ce9a2782a83b3663358d125500655620?s=96&d=mm&r=g","contentUrl":"https:\/\/secure.gravatar.com\/avatar\/2c6c46f89a7f510c694de34f653d75e6ce9a2782a83b3663358d125500655620?s=96&d=mm&r=g","caption":"contact@laterale-residences.com"},"sameAs":["https:\/\/laterale-residences.com"],"worksFor":"LATERALE RESIDENCES sarl","url":"https:\/\/laterale-residences.com\/de\/author\/contactlaterale-residences-com\/"}]}},"_links":{"self":[{"href":"https:\/\/laterale-residences.com\/de\/wp-json\/wp\/v2\/posts\/6579","targetHints":{"allow":["GET"]}}],"collection":[{"href":"https:\/\/laterale-residences.com\/de\/wp-json\/wp\/v2\/posts"}],"about":[{"href":"https:\/\/laterale-residences.com\/de\/wp-json\/wp\/v2\/types\/post"}],"author":[{"embeddable":true,"href":"https:\/\/laterale-residences.com\/de\/wp-json\/wp\/v2\/users\/1"}],"replies":[{"embeddable":true,"href":"https:\/\/laterale-residences.com\/de\/wp-json\/wp\/v2\/comments?post=6579"}],"version-history":[{"count":6,"href":"https:\/\/laterale-residences.com\/de\/wp-json\/wp\/v2\/posts\/6579\/revisions"}],"predecessor-version":[{"id":17883,"href":"https:\/\/laterale-residences.com\/de\/wp-json\/wp\/v2\/posts\/6579\/revisions\/17883"}],"wp:featuredmedia":[{"embeddable":true,"href":"https:\/\/laterale-residences.com\/de\/wp-json\/wp\/v2\/media\/5466"}],"wp:attachment":[{"href":"https:\/\/laterale-residences.com\/de\/wp-json\/wp\/v2\/media?parent=6579"}],"wp:term":[{"taxonomy":"category","embeddable":true,"href":"https:\/\/laterale-residences.com\/de\/wp-json\/wp\/v2\/categories?post=6579"},{"taxonomy":"post_tag","embeddable":true,"href":"https:\/\/laterale-residences.com\/de\/wp-json\/wp\/v2\/tags?post=6579"}],"curies":[{"name":"wp","href":"https:\/\/api.w.org\/{rel}","templated":true}]}}