{"id":6335,"date":"2021-07-27T15:38:13","date_gmt":"2021-07-27T13:38:13","guid":{"rendered":"https:\/\/laterale-residences.com\/wanderungen\/"},"modified":"2024-02-18T18:57:29","modified_gmt":"2024-02-18T17:57:29","slug":"wanderungen","status":"publish","type":"post","link":"https:\/\/laterale-residences.com\/de\/wanderungen\/","title":{"rendered":"Wanderungen"},"content":{"rendered":"\r\n<p>Hier finden Sie Tipps zu den sch\u00f6nsten Wanderungen in unserer Region.<\/p>\r\n<p><strong>Elsass wandern<\/strong><br><a href=\"https:\/\/www.randoenalsace.fr\/\" target=\"_blank\" rel=\"noopener\">https:\/\/www.randoenalsace.fr\/<\/a><\/p>\r\n<p>Unbedingt immer eine Karte mitnehmen: IGN 1:25000 (aktuell) zum Wandern oder Mountainbiken und eine Karte der Region f\u00fcr Radtouren.<br>Die Wanderungen sind in der Regel f\u00fcr den Tag geplant (4 bis 6 Stunden Gehzeit) mit in der Regel auf halber Strecke eine nette Herberge um Kraft zu tanken.<\/p>\r\n<p>Die Wanderungen sind f\u00fcr 2 bis 3 Stunden Gehzeit in angenehmer Umgebung geplant.<\/p>\r\n<p>Die Mountainbike-Ausfl\u00fcge sind von unterschiedlicher L\u00e4nge, 20 bis 50 km, im Allgemeinen auf Pfaden, um die Wanderwege zu vermeiden. Die Praxis des Mountainbikens mit elektrischer Unterst\u00fctzung erm\u00f6glicht es, die Ausfl\u00fcge zu verl\u00e4ngern.<br>Die Radtouren finden ganzt\u00e4gig oder halbtags \u00fcber eine Distanz von 50 bis 130 Kilometern statt und richten sich an trainierte Radfahrer.<\/p>\r\n<p><img fetchpriority=\"high\" decoding=\"async\" class=\"aligncenter wp-image-881 size-large\" src=\"https:\/\/laterale-residences.com\/wp-content\/uploads\/2022\/04\/RAndo-1024x681.jpg\" alt=\"\" width=\"800\" height=\"532\" srcset=\"https:\/\/laterale-residences.com\/wp-content\/uploads\/2022\/04\/RAndo-1024x681.jpg 1024w, https:\/\/laterale-residences.com\/wp-content\/uploads\/2022\/04\/RAndo-300x199.jpg 300w, https:\/\/laterale-residences.com\/wp-content\/uploads\/2022\/04\/RAndo-768x511.jpg 768w, https:\/\/laterale-residences.com\/wp-content\/uploads\/2022\/04\/RAndo-1536x1021.jpg 1536w, https:\/\/laterale-residences.com\/wp-content\/uploads\/2022\/04\/RAndo-2048x1362.jpg 2048w\" sizes=\"(max-width: 800px) 100vw, 800px\"><\/p>\r\n<p>Die Gefahren des Berges sind nicht zu untersch\u00e4tzen. <br>Einige Trails k\u00f6nnen sehr gef\u00e4hrlich sein, besonders bei Regenwetter oder im Winter.<br>Sei also immer gut ausger\u00fcstet!<\/p>\r\n<p><img decoding=\"async\" class=\"aligncenter wp-image-8005 size-full\" src=\"https:\/\/laterale-residences.com\/wp-content\/uploads\/2022\/04\/DSC_8485-scaled.jpg\" alt=\"\" width=\"2560\" height=\"1702\" srcset=\"https:\/\/laterale-residences.com\/wp-content\/uploads\/2022\/04\/DSC_8485-scaled.jpg 2560w, https:\/\/laterale-residences.com\/wp-content\/uploads\/2022\/04\/DSC_8485-300x199.jpg 300w, https:\/\/laterale-residences.com\/wp-content\/uploads\/2022\/04\/DSC_8485-1024x681.jpg 1024w, https:\/\/laterale-residences.com\/wp-content\/uploads\/2022\/04\/DSC_8485-768x511.jpg 768w, https:\/\/laterale-residences.com\/wp-content\/uploads\/2022\/04\/DSC_8485-1536x1021.jpg 1536w, https:\/\/laterale-residences.com\/wp-content\/uploads\/2022\/04\/DSC_8485-2048x1362.jpg 2048w\" sizes=\"(max-width: 2560px) 100vw, 2560px\"><\/p>\r\n","protected":false},"excerpt":{"rendered":"<p>Das Elsass ist eine Region, die dank der vielen markierten Wanderwege und der Vielfalt der Landschaften besonders gut zum Wandern geeignet ist: Weinberge, Getreide, W\u00e4lder, Weiden und hohe Stoppeln. Da das Elsass eine reiche und bewegte Vergangenheit hat, kommt zu dem Vergn\u00fcgen, die Landschaften zu bewundern, das Vergn\u00fcgen hinzu, eine Reise in die Vergangenheit zu unternehmen. <\/p>\n","protected":false},"author":1,"featured_media":1944,"comment_status":"open","ping_status":"closed","sticky":false,"template":"","format":"standard","meta":{"_acf_changed":false,"footnotes":""},"categories":[208],"tags":[],"class_list":["post-6335","post","type-post","status-publish","format-standard","has-post-thumbnail","hentry","category-sport-de"],"acf":[],"yoast_head":"<!-- This site is optimized with the Yoast SEO Premium plugin v21.7 (Yoast SEO v27.4) - https:\/\/yoast.com\/product\/yoast-seo-premium-wordpress\/ -->\n<title>Wanderungen - Laterale Residences<\/title>\n<meta name=\"robots\" content=\"index, follow, max-snippet:-1, max-image-preview:large, max-video-preview:-1\" \/>\n<link rel=\"canonical\" href=\"https:\/\/laterale-residences.com\/de\/wanderungen\/\" \/>\n<meta property=\"og:locale\" content=\"de_DE\" \/>\n<meta property=\"og:type\" content=\"article\" \/>\n<meta property=\"og:title\" content=\"Wanderungen\" \/>\n<meta property=\"og:description\" content=\"Das Elsass ist eine Region, die dank der vielen markierten Wanderwege und der Vielfalt der Landschaften besonders gut zum Wandern geeignet ist: Weinberge, Getreide, W\u00e4lder, Weiden und hohe Stoppeln. Da das Elsass eine reiche und bewegte Vergangenheit hat, kommt zu dem Vergn\u00fcgen, die Landschaften zu bewundern, das Vergn\u00fcgen hinzu, eine Reise in die Vergangenheit zu unternehmen.\" \/>\n<meta property=\"og:url\" content=\"https:\/\/laterale-residences.com\/de\/wanderungen\/\" \/>\n<meta property=\"og:site_name\" content=\"Laterale Residences\" \/>\n<meta property=\"article:published_time\" content=\"2021-07-27T13:38:13+00:00\" \/>\n<meta property=\"article:modified_time\" content=\"2024-02-18T17:57:29+00:00\" \/>\n<meta property=\"og:image\" content=\"https:\/\/laterale-residences.com\/wp-content\/uploads\/2022\/04\/Rando-2-scaled.jpg\" \/>\n\t<meta property=\"og:image:width\" content=\"2560\" \/>\n\t<meta property=\"og:image:height\" content=\"1702\" \/>\n\t<meta property=\"og:image:type\" content=\"image\/jpeg\" \/>\n<meta name=\"author\" content=\"contact@laterale-residences.com\" \/>\n<meta name=\"twitter:card\" content=\"summary_large_image\" \/>\n<meta name=\"twitter:label1\" content=\"Verfasst von\" \/>\n\t<meta name=\"twitter:data1\" content=\"contact@laterale-residences.com\" \/>\n\t<meta name=\"twitter:label2\" content=\"Gesch\u00e4tzte Lesezeit\" \/>\n\t<meta name=\"twitter:data2\" content=\"1\u00a0Minute\" \/>\n<script type=\"application\/ld+json\" class=\"yoast-schema-graph\">{\"@context\":\"https:\\\/\\\/schema.org\",\"@graph\":[{\"@type\":\"Article\",\"@id\":\"https:\\\/\\\/laterale-residences.com\\\/de\\\/wanderungen\\\/#article\",\"isPartOf\":{\"@id\":\"https:\\\/\\\/laterale-residences.com\\\/de\\\/wanderungen\\\/\"},\"author\":{\"name\":\"contact@laterale-residences.com\",\"@id\":\"https:\\\/\\\/laterale-residences.com\\\/de\\\/#\\\/schema\\\/person\\\/e059e7fbfe09a1de4a5070385ec9fce4\"},\"headline\":\"Wanderungen\",\"datePublished\":\"2021-07-27T13:38:13+00:00\",\"dateModified\":\"2024-02-18T17:57:29+00:00\",\"mainEntityOfPage\":{\"@id\":\"https:\\\/\\\/laterale-residences.com\\\/de\\\/wanderungen\\\/\"},\"wordCount\":163,\"commentCount\":0,\"publisher\":{\"@id\":\"https:\\\/\\\/laterale-residences.com\\\/de\\\/#organization\"},\"image\":{\"@id\":\"https:\\\/\\\/laterale-residences.com\\\/de\\\/wanderungen\\\/#primaryimage\"},\"thumbnailUrl\":\"https:\\\/\\\/laterale-residences.com\\\/wp-content\\\/uploads\\\/2022\\\/04\\\/Rando-2-scaled.jpg\",\"articleSection\":[\"Sport\"],\"inLanguage\":\"de\",\"potentialAction\":[{\"@type\":\"CommentAction\",\"name\":\"Comment\",\"target\":[\"https:\\\/\\\/laterale-residences.com\\\/de\\\/wanderungen\\\/#respond\"]}]},{\"@type\":\"WebPage\",\"@id\":\"https:\\\/\\\/laterale-residences.com\\\/de\\\/wanderungen\\\/\",\"url\":\"https:\\\/\\\/laterale-residences.com\\\/de\\\/wanderungen\\\/\",\"name\":\"Wanderungen - Laterale Residences\",\"isPartOf\":{\"@id\":\"https:\\\/\\\/laterale-residences.com\\\/de\\\/#website\"},\"primaryImageOfPage\":{\"@id\":\"https:\\\/\\\/laterale-residences.com\\\/de\\\/wanderungen\\\/#primaryimage\"},\"image\":{\"@id\":\"https:\\\/\\\/laterale-residences.com\\\/de\\\/wanderungen\\\/#primaryimage\"},\"thumbnailUrl\":\"https:\\\/\\\/laterale-residences.com\\\/wp-content\\\/uploads\\\/2022\\\/04\\\/Rando-2-scaled.jpg\",\"datePublished\":\"2021-07-27T13:38:13+00:00\",\"dateModified\":\"2024-02-18T17:57:29+00:00\",\"breadcrumb\":{\"@id\":\"https:\\\/\\\/laterale-residences.com\\\/de\\\/wanderungen\\\/#breadcrumb\"},\"inLanguage\":\"de\",\"potentialAction\":[{\"@type\":\"ReadAction\",\"target\":[\"https:\\\/\\\/laterale-residences.com\\\/de\\\/wanderungen\\\/\"]}]},{\"@type\":\"ImageObject\",\"inLanguage\":\"de\",\"@id\":\"https:\\\/\\\/laterale-residences.com\\\/de\\\/wanderungen\\\/#primaryimage\",\"url\":\"https:\\\/\\\/laterale-residences.com\\\/wp-content\\\/uploads\\\/2022\\\/04\\\/Rando-2-scaled.jpg\",\"contentUrl\":\"https:\\\/\\\/laterale-residences.com\\\/wp-content\\\/uploads\\\/2022\\\/04\\\/Rando-2-scaled.jpg\",\"width\":2560,\"height\":1702},{\"@type\":\"BreadcrumbList\",\"@id\":\"https:\\\/\\\/laterale-residences.com\\\/de\\\/wanderungen\\\/#breadcrumb\",\"itemListElement\":[{\"@type\":\"ListItem\",\"position\":1,\"name\":\"Accueil\",\"item\":\"https:\\\/\\\/laterale-residences.com\\\/de\\\/startseite\\\/\"},{\"@type\":\"ListItem\",\"position\":2,\"name\":\"Wanderungen\"}]},{\"@type\":\"WebSite\",\"@id\":\"https:\\\/\\\/laterale-residences.com\\\/de\\\/#website\",\"url\":\"https:\\\/\\\/laterale-residences.com\\\/de\\\/\",\"name\":\"Laterale Residences\",\"description\":\"Appartements Vacances Riquewihr sur la route des vins d&#039;Alsace\",\"publisher\":{\"@id\":\"https:\\\/\\\/laterale-residences.com\\\/de\\\/#organization\"},\"potentialAction\":[{\"@type\":\"SearchAction\",\"target\":{\"@type\":\"EntryPoint\",\"urlTemplate\":\"https:\\\/\\\/laterale-residences.com\\\/de\\\/?s={search_term_string}\"},\"query-input\":{\"@type\":\"PropertyValueSpecification\",\"valueRequired\":true,\"valueName\":\"search_term_string\"}}],\"inLanguage\":\"de\"},{\"@type\":\"Organization\",\"@id\":\"https:\\\/\\\/laterale-residences.com\\\/de\\\/#organization\",\"name\":\"Laterale Residences\",\"url\":\"https:\\\/\\\/laterale-residences.com\\\/de\\\/\",\"logo\":{\"@type\":\"ImageObject\",\"inLanguage\":\"de\",\"@id\":\"https:\\\/\\\/laterale-residences.com\\\/de\\\/#\\\/schema\\\/logo\\\/image\\\/\",\"url\":\"https:\\\/\\\/laterale-residences.com\\\/wp-content\\\/uploads\\\/2021\\\/07\\\/logo_laterale_residences_etoiles.png\",\"contentUrl\":\"https:\\\/\\\/laterale-residences.com\\\/wp-content\\\/uploads\\\/2021\\\/07\\\/logo_laterale_residences_etoiles.png\",\"width\":600,\"height\":600,\"caption\":\"Laterale Residences\"},\"image\":{\"@id\":\"https:\\\/\\\/laterale-residences.com\\\/de\\\/#\\\/schema\\\/logo\\\/image\\\/\"}},{\"@type\":\"Person\",\"@id\":\"https:\\\/\\\/laterale-residences.com\\\/de\\\/#\\\/schema\\\/person\\\/e059e7fbfe09a1de4a5070385ec9fce4\",\"name\":\"contact@laterale-residences.com\",\"image\":{\"@type\":\"ImageObject\",\"inLanguage\":\"de\",\"@id\":\"https:\\\/\\\/secure.gravatar.com\\\/avatar\\\/2c6c46f89a7f510c694de34f653d75e6ce9a2782a83b3663358d125500655620?s=96&d=mm&r=g\",\"url\":\"https:\\\/\\\/secure.gravatar.com\\\/avatar\\\/2c6c46f89a7f510c694de34f653d75e6ce9a2782a83b3663358d125500655620?s=96&d=mm&r=g\",\"contentUrl\":\"https:\\\/\\\/secure.gravatar.com\\\/avatar\\\/2c6c46f89a7f510c694de34f653d75e6ce9a2782a83b3663358d125500655620?s=96&d=mm&r=g\",\"caption\":\"contact@laterale-residences.com\"},\"sameAs\":[\"https:\\\/\\\/laterale-residences.com\"],\"worksFor\":\"LATERALE RESIDENCES sarl\",\"url\":\"https:\\\/\\\/laterale-residences.com\\\/de\\\/author\\\/contactlaterale-residences-com\\\/\"}]}<\/script>\n<!-- \/ Yoast SEO Premium plugin. -->","yoast_head_json":{"title":"Wanderungen - Laterale Residences","robots":{"index":"index","follow":"follow","max-snippet":"max-snippet:-1","max-image-preview":"max-image-preview:large","max-video-preview":"max-video-preview:-1"},"canonical":"https:\/\/laterale-residences.com\/de\/wanderungen\/","og_locale":"de_DE","og_type":"article","og_title":"Wanderungen","og_description":"Das Elsass ist eine Region, die dank der vielen markierten Wanderwege und der Vielfalt der Landschaften besonders gut zum Wandern geeignet ist: Weinberge, Getreide, W\u00e4lder, Weiden und hohe Stoppeln. Da das Elsass eine reiche und bewegte Vergangenheit hat, kommt zu dem Vergn\u00fcgen, die Landschaften zu bewundern, das Vergn\u00fcgen hinzu, eine Reise in die Vergangenheit zu unternehmen.","og_url":"https:\/\/laterale-residences.com\/de\/wanderungen\/","og_site_name":"Laterale Residences","article_published_time":"2021-07-27T13:38:13+00:00","article_modified_time":"2024-02-18T17:57:29+00:00","og_image":[{"width":2560,"height":1702,"url":"https:\/\/laterale-residences.com\/wp-content\/uploads\/2022\/04\/Rando-2-scaled.jpg","type":"image\/jpeg"}],"author":"contact@laterale-residences.com","twitter_card":"summary_large_image","twitter_misc":{"Verfasst von":"contact@laterale-residences.com","Gesch\u00e4tzte Lesezeit":"1\u00a0Minute"},"schema":{"@context":"https:\/\/schema.org","@graph":[{"@type":"Article","@id":"https:\/\/laterale-residences.com\/de\/wanderungen\/#article","isPartOf":{"@id":"https:\/\/laterale-residences.com\/de\/wanderungen\/"},"author":{"name":"contact@laterale-residences.com","@id":"https:\/\/laterale-residences.com\/de\/#\/schema\/person\/e059e7fbfe09a1de4a5070385ec9fce4"},"headline":"Wanderungen","datePublished":"2021-07-27T13:38:13+00:00","dateModified":"2024-02-18T17:57:29+00:00","mainEntityOfPage":{"@id":"https:\/\/laterale-residences.com\/de\/wanderungen\/"},"wordCount":163,"commentCount":0,"publisher":{"@id":"https:\/\/laterale-residences.com\/de\/#organization"},"image":{"@id":"https:\/\/laterale-residences.com\/de\/wanderungen\/#primaryimage"},"thumbnailUrl":"https:\/\/laterale-residences.com\/wp-content\/uploads\/2022\/04\/Rando-2-scaled.jpg","articleSection":["Sport"],"inLanguage":"de","potentialAction":[{"@type":"CommentAction","name":"Comment","target":["https:\/\/laterale-residences.com\/de\/wanderungen\/#respond"]}]},{"@type":"WebPage","@id":"https:\/\/laterale-residences.com\/de\/wanderungen\/","url":"https:\/\/laterale-residences.com\/de\/wanderungen\/","name":"Wanderungen - Laterale Residences","isPartOf":{"@id":"https:\/\/laterale-residences.com\/de\/#website"},"primaryImageOfPage":{"@id":"https:\/\/laterale-residences.com\/de\/wanderungen\/#primaryimage"},"image":{"@id":"https:\/\/laterale-residences.com\/de\/wanderungen\/#primaryimage"},"thumbnailUrl":"https:\/\/laterale-residences.com\/wp-content\/uploads\/2022\/04\/Rando-2-scaled.jpg","datePublished":"2021-07-27T13:38:13+00:00","dateModified":"2024-02-18T17:57:29+00:00","breadcrumb":{"@id":"https:\/\/laterale-residences.com\/de\/wanderungen\/#breadcrumb"},"inLanguage":"de","potentialAction":[{"@type":"ReadAction","target":["https:\/\/laterale-residences.com\/de\/wanderungen\/"]}]},{"@type":"ImageObject","inLanguage":"de","@id":"https:\/\/laterale-residences.com\/de\/wanderungen\/#primaryimage","url":"https:\/\/laterale-residences.com\/wp-content\/uploads\/2022\/04\/Rando-2-scaled.jpg","contentUrl":"https:\/\/laterale-residences.com\/wp-content\/uploads\/2022\/04\/Rando-2-scaled.jpg","width":2560,"height":1702},{"@type":"BreadcrumbList","@id":"https:\/\/laterale-residences.com\/de\/wanderungen\/#breadcrumb","itemListElement":[{"@type":"ListItem","position":1,"name":"Accueil","item":"https:\/\/laterale-residences.com\/de\/startseite\/"},{"@type":"ListItem","position":2,"name":"Wanderungen"}]},{"@type":"WebSite","@id":"https:\/\/laterale-residences.com\/de\/#website","url":"https:\/\/laterale-residences.com\/de\/","name":"Laterale Residences","description":"Appartements Vacances Riquewihr sur la route des vins d&#039;Alsace","publisher":{"@id":"https:\/\/laterale-residences.com\/de\/#organization"},"potentialAction":[{"@type":"SearchAction","target":{"@type":"EntryPoint","urlTemplate":"https:\/\/laterale-residences.com\/de\/?s={search_term_string}"},"query-input":{"@type":"PropertyValueSpecification","valueRequired":true,"valueName":"search_term_string"}}],"inLanguage":"de"},{"@type":"Organization","@id":"https:\/\/laterale-residences.com\/de\/#organization","name":"Laterale Residences","url":"https:\/\/laterale-residences.com\/de\/","logo":{"@type":"ImageObject","inLanguage":"de","@id":"https:\/\/laterale-residences.com\/de\/#\/schema\/logo\/image\/","url":"https:\/\/laterale-residences.com\/wp-content\/uploads\/2021\/07\/logo_laterale_residences_etoiles.png","contentUrl":"https:\/\/laterale-residences.com\/wp-content\/uploads\/2021\/07\/logo_laterale_residences_etoiles.png","width":600,"height":600,"caption":"Laterale Residences"},"image":{"@id":"https:\/\/laterale-residences.com\/de\/#\/schema\/logo\/image\/"}},{"@type":"Person","@id":"https:\/\/laterale-residences.com\/de\/#\/schema\/person\/e059e7fbfe09a1de4a5070385ec9fce4","name":"contact@laterale-residences.com","image":{"@type":"ImageObject","inLanguage":"de","@id":"https:\/\/secure.gravatar.com\/avatar\/2c6c46f89a7f510c694de34f653d75e6ce9a2782a83b3663358d125500655620?s=96&d=mm&r=g","url":"https:\/\/secure.gravatar.com\/avatar\/2c6c46f89a7f510c694de34f653d75e6ce9a2782a83b3663358d125500655620?s=96&d=mm&r=g","contentUrl":"https:\/\/secure.gravatar.com\/avatar\/2c6c46f89a7f510c694de34f653d75e6ce9a2782a83b3663358d125500655620?s=96&d=mm&r=g","caption":"contact@laterale-residences.com"},"sameAs":["https:\/\/laterale-residences.com"],"worksFor":"LATERALE RESIDENCES sarl","url":"https:\/\/laterale-residences.com\/de\/author\/contactlaterale-residences-com\/"}]}},"_links":{"self":[{"href":"https:\/\/laterale-residences.com\/de\/wp-json\/wp\/v2\/posts\/6335","targetHints":{"allow":["GET"]}}],"collection":[{"href":"https:\/\/laterale-residences.com\/de\/wp-json\/wp\/v2\/posts"}],"about":[{"href":"https:\/\/laterale-residences.com\/de\/wp-json\/wp\/v2\/types\/post"}],"author":[{"embeddable":true,"href":"https:\/\/laterale-residences.com\/de\/wp-json\/wp\/v2\/users\/1"}],"replies":[{"embeddable":true,"href":"https:\/\/laterale-residences.com\/de\/wp-json\/wp\/v2\/comments?post=6335"}],"version-history":[{"count":4,"href":"https:\/\/laterale-residences.com\/de\/wp-json\/wp\/v2\/posts\/6335\/revisions"}],"predecessor-version":[{"id":17878,"href":"https:\/\/laterale-residences.com\/de\/wp-json\/wp\/v2\/posts\/6335\/revisions\/17878"}],"wp:featuredmedia":[{"embeddable":true,"href":"https:\/\/laterale-residences.com\/de\/wp-json\/wp\/v2\/media\/1944"}],"wp:attachment":[{"href":"https:\/\/laterale-residences.com\/de\/wp-json\/wp\/v2\/media?parent=6335"}],"wp:term":[{"taxonomy":"category","embeddable":true,"href":"https:\/\/laterale-residences.com\/de\/wp-json\/wp\/v2\/categories?post=6335"},{"taxonomy":"post_tag","embeddable":true,"href":"https:\/\/laterale-residences.com\/de\/wp-json\/wp\/v2\/tags?post=6335"}],"curies":[{"name":"wp","href":"https:\/\/api.w.org\/{rel}","templated":true}]}}