{"id":12638,"date":"2022-05-15T17:52:56","date_gmt":"2022-05-15T15:52:56","guid":{"rendered":"https:\/\/laterale-residences.com\/?p=12638"},"modified":"2022-05-29T12:34:13","modified_gmt":"2022-05-29T10:34:13","slug":"domaene-eblin-fuchs","status":"publish","type":"post","link":"https:\/\/laterale-residences.com\/da\/domaene-eblin-fuchs\/","title":{"rendered":"Dom\u00e6ne EBLIN FUCHS"},"content":{"rendered":"<p><strong>Zellenberg \u2013 Domaine EBLIN FUCHS (Biodynamisk ving\u00e5rd)<\/strong><\/p>\n<p>Meget gamle vinfamilier, EBLIN\u2019erne og FUCHS har v\u00e6ret forbundet siden 1956 efter \u00e6gteskabet mellem Marie Madeleine FUCHS (udtales Foux) og Henri Joseph EBLIN.<br>\nEBLIN-familiens genealogiske tr\u00e6 stammer tilbage fra 1294, hvor v\u00e5benskjoldet blev deponeret. Den af FUCHS, siden 1615, stammer fra deres installation som vinb\u00f8nder i ZELLENBERG.<\/p>\n<p><img fetchpriority=\"high\" decoding=\"async\" class=\"aligncenter wp-image-12593 size-full\" src=\"https:\/\/laterale-residences.com\/wp-content\/uploads\/2022\/05\/Laterale-Residences-Domaine-Eblin-Fuchs-02.jpg\" alt=\"\" width=\"768\" height=\"549\" srcset=\"https:\/\/laterale-residences.com\/wp-content\/uploads\/2022\/05\/Laterale-Residences-Domaine-Eblin-Fuchs-02.jpg 768w, https:\/\/laterale-residences.com\/wp-content\/uploads\/2022\/05\/Laterale-Residences-Domaine-Eblin-Fuchs-02-300x214.jpg 300w\" sizes=\"(max-width: 768px) 100vw, 768px\"><\/p>\n<p><strong>En unik geografisk placering<\/strong><\/p>\n<p>Bakkerne under Vogeserne er resultatet af Rhingr\u00f8ftens sammenbrud, og i den s\u00e5ledes dannede tektoniske kaskade er bakken, som landsbyen ZELLENBERG er oph\u00e6ngt p\u00e5.<\/p>\n<p><img decoding=\"async\" class=\"aligncenter wp-image-1595 size-full\" src=\"https:\/\/laterale-residences.com\/wp-content\/uploads\/2022\/04\/Zellenberg-02-1-scaled.jpg\" alt=\"\" width=\"2560\" height=\"1607\" srcset=\"https:\/\/laterale-residences.com\/wp-content\/uploads\/2022\/04\/Zellenberg-02-1-scaled.jpg 2560w, https:\/\/laterale-residences.com\/wp-content\/uploads\/2022\/04\/Zellenberg-02-1-300x188.jpg 300w, https:\/\/laterale-residences.com\/wp-content\/uploads\/2022\/04\/Zellenberg-02-1-1024x643.jpg 1024w, https:\/\/laterale-residences.com\/wp-content\/uploads\/2022\/04\/Zellenberg-02-1-768x482.jpg 768w, https:\/\/laterale-residences.com\/wp-content\/uploads\/2022\/04\/Zellenberg-02-1-1536x964.jpg 1536w, https:\/\/laterale-residences.com\/wp-content\/uploads\/2022\/04\/Zellenberg-02-1-2048x1285.jpg 2048w\" sizes=\"(max-width: 2560px) 100vw, 2560px\"><\/p>\n<p>Det er en af de mest smilende kalkstensbakker i RIBEAUVILLE-regionen, som sp\u00e6rrer for indgangen til dalen i den meget popul\u00e6re by RIQUEWIHR. Denne mangfoldighed af undergrunde lyser vores udvalg af vine op, fordi hver jord eller lokalitet bliver levende med en anden vibration og bidrager til gl\u00e6den og harmonien i vores smukke provins Frankrig.<\/p>\n<p><img decoding=\"async\" class=\"aligncenter wp-image-12613 size-full\" src=\"https:\/\/laterale-residences.com\/wp-content\/uploads\/2022\/05\/Laterale-Residences-Domaine-Eblin-Fuchs-Cave.jpg\" alt=\"\" width=\"896\" height=\"1100\" srcset=\"https:\/\/laterale-residences.com\/wp-content\/uploads\/2022\/05\/Laterale-Residences-Domaine-Eblin-Fuchs-Cave.jpg 896w, https:\/\/laterale-residences.com\/wp-content\/uploads\/2022\/05\/Laterale-Residences-Domaine-Eblin-Fuchs-Cave-244x300.jpg 244w, https:\/\/laterale-residences.com\/wp-content\/uploads\/2022\/05\/Laterale-Residences-Domaine-Eblin-Fuchs-Cave-834x1024.jpg 834w, https:\/\/laterale-residences.com\/wp-content\/uploads\/2022\/05\/Laterale-Residences-Domaine-Eblin-Fuchs-Cave-768x943.jpg 768w\" sizes=\"(max-width: 896px) 100vw, 896px\"><\/p>\n<p>Efter foreningen af den nuv\u00e6rende efterf\u00f8lger, Christian Eblin, med Laurence Leininger, selv en efterkommer af en familie af vinb\u00f8nder etableret i HUNAWIHR i flere generationer, blev ejendommen udvidet i 2006 med flere parceller af mergel-kalkstenssammens\u00e6tninger, herunder den mest ber\u00f8mte ROSACKER og MUELFORST i HUNAWIHR og MANDELBERG i MITTELWIHR.<\/p>\n<p>Domaines vine bliver ofte pr\u00e6mieret af de bedste vinmagasiner, en garanti for kvalitet og omhyggeligt arbejde udf\u00f8rt hele \u00e5ret.<\/p>\n<p><strong>Dom\u00e6ne EBLIN-FUCHS<\/strong><br>\n19 vinrute \u2013 68340 Zellenberg<\/p>\n<p>Fastnet: (+33) 03 89 47 91 14<\/p>\n<p>E-mail: <a href=\"mailto:alsace@eblin-fuchs.com\" target=\"_blank\" rel=\"noopener\">alsace@eblin-fuchs.com<\/a><\/p>\n<p>Hjemmeside: <a href=\"https:\/\/eblin-fuchs.com\/\" target=\"_blank\" rel=\"noopener\">https:\/\/eblin-fuchs.com\/<\/a><\/p>\n","protected":false},"excerpt":{"rendered":"<p>Zellenberg &#8211; Domaine EBLIN FUCHS<br \/>\nResultatet af alliancen mellem to familier af vinb\u00f8nder i 1956, har ving\u00e5rden v\u00e6ret biodynamisk siden 2000&#8217;erne, dette arbejde forts\u00e6tter i samme \u00e5nd i k\u00e6lderen.<br \/>\nUdelukkende manuel h\u00f8st, presning af hele druer, g\u00e6ring med hjemmeh\u00f8rende g\u00e6r p\u00e5 egetr\u00e6sfade og et par m\u00e5neders hvile p\u00e5 fin b\u00e6rme, sikrer en produktion af naturlig stabilitet og h\u00f8j kvalitet.<\/p>\n","protected":false},"author":1,"featured_media":12604,"comment_status":"closed","ping_status":"closed","sticky":false,"template":"","format":"standard","meta":{"_acf_changed":false,"footnotes":""},"categories":[223,216],"tags":[],"class_list":["post-12638","post","type-post","status-publish","format-standard","has-post-thumbnail","hentry","category-vin-turisme","category-vinbonder"],"acf":[],"yoast_head":"<!-- This site is optimized with the Yoast SEO Premium plugin v21.7 (Yoast SEO v27.5) - https:\/\/yoast.com\/product\/yoast-seo-premium-wordpress\/ -->\n<title>Dom\u00e6ne EBLIN FUCHS - Laterale Residences<\/title>\n<meta name=\"robots\" content=\"index, follow, max-snippet:-1, max-image-preview:large, max-video-preview:-1\" \/>\n<link rel=\"canonical\" href=\"https:\/\/laterale-residences.com\/da\/domaene-eblin-fuchs\/\" \/>\n<meta property=\"og:locale\" content=\"da_DK\" \/>\n<meta property=\"og:type\" content=\"article\" \/>\n<meta property=\"og:title\" content=\"Dom\u00e6ne EBLIN FUCHS\" \/>\n<meta property=\"og:description\" content=\"Zellenberg - Domaine EBLIN FUCHS Resultatet af alliancen mellem to familier af vinb\u00f8nder i 1956, har ving\u00e5rden v\u00e6ret biodynamisk siden 2000&#039;erne, dette arbejde forts\u00e6tter i samme \u00e5nd i k\u00e6lderen. Udelukkende manuel h\u00f8st, presning af hele druer, g\u00e6ring med hjemmeh\u00f8rende g\u00e6r p\u00e5 egetr\u00e6sfade og et par m\u00e5neders hvile p\u00e5 fin b\u00e6rme, sikrer en produktion af naturlig stabilitet og h\u00f8j kvalitet.\" \/>\n<meta property=\"og:url\" content=\"https:\/\/laterale-residences.com\/da\/domaene-eblin-fuchs\/\" \/>\n<meta property=\"og:site_name\" content=\"Laterale Residences\" \/>\n<meta property=\"article:published_time\" content=\"2022-05-15T15:52:56+00:00\" \/>\n<meta property=\"article:modified_time\" content=\"2022-05-29T10:34:13+00:00\" \/>\n<meta property=\"og:image\" content=\"https:\/\/laterale-residences.com\/wp-content\/uploads\/2022\/05\/Laterale-Residences-Domaine-Eblin-Fuchs-Zellenberg.jpg\" \/>\n\t<meta property=\"og:image:width\" content=\"768\" \/>\n\t<meta property=\"og:image:height\" content=\"489\" \/>\n\t<meta property=\"og:image:type\" content=\"image\/jpeg\" \/>\n<meta name=\"author\" content=\"contact@laterale-residences.com\" \/>\n<meta name=\"twitter:card\" content=\"summary_large_image\" \/>\n<meta name=\"twitter:label1\" content=\"Skrevet af\" \/>\n\t<meta name=\"twitter:data1\" content=\"contact@laterale-residences.com\" \/>\n\t<meta name=\"twitter:label2\" content=\"Estimeret l\u00e6setid\" \/>\n\t<meta name=\"twitter:data2\" content=\"1 minut\" \/>\n<script type=\"application\/ld+json\" class=\"yoast-schema-graph\">{\"@context\":\"https:\\\/\\\/schema.org\",\"@graph\":[{\"@type\":\"Article\",\"@id\":\"https:\\\/\\\/laterale-residences.com\\\/da\\\/domaene-eblin-fuchs\\\/#article\",\"isPartOf\":{\"@id\":\"https:\\\/\\\/laterale-residences.com\\\/da\\\/domaene-eblin-fuchs\\\/\"},\"author\":{\"name\":\"contact@laterale-residences.com\",\"@id\":\"https:\\\/\\\/laterale-residences.com\\\/da\\\/#\\\/schema\\\/person\\\/e059e7fbfe09a1de4a5070385ec9fce4\"},\"headline\":\"Dom\u00e6ne EBLIN FUCHS\",\"datePublished\":\"2022-05-15T15:52:56+00:00\",\"dateModified\":\"2022-05-29T10:34:13+00:00\",\"mainEntityOfPage\":{\"@id\":\"https:\\\/\\\/laterale-residences.com\\\/da\\\/domaene-eblin-fuchs\\\/\"},\"wordCount\":235,\"publisher\":{\"@id\":\"https:\\\/\\\/laterale-residences.com\\\/da\\\/#organization\"},\"image\":{\"@id\":\"https:\\\/\\\/laterale-residences.com\\\/da\\\/domaene-eblin-fuchs\\\/#primaryimage\"},\"thumbnailUrl\":\"https:\\\/\\\/laterale-residences.com\\\/wp-content\\\/uploads\\\/2022\\\/05\\\/Laterale-Residences-Domaine-Eblin-Fuchs-Zellenberg.jpg\",\"articleSection\":[\"Vin turisme\",\"Vinb\u00f8nder\"],\"inLanguage\":\"da-DK\"},{\"@type\":\"WebPage\",\"@id\":\"https:\\\/\\\/laterale-residences.com\\\/da\\\/domaene-eblin-fuchs\\\/\",\"url\":\"https:\\\/\\\/laterale-residences.com\\\/da\\\/domaene-eblin-fuchs\\\/\",\"name\":\"Dom\u00e6ne EBLIN FUCHS - Laterale Residences\",\"isPartOf\":{\"@id\":\"https:\\\/\\\/laterale-residences.com\\\/da\\\/#website\"},\"primaryImageOfPage\":{\"@id\":\"https:\\\/\\\/laterale-residences.com\\\/da\\\/domaene-eblin-fuchs\\\/#primaryimage\"},\"image\":{\"@id\":\"https:\\\/\\\/laterale-residences.com\\\/da\\\/domaene-eblin-fuchs\\\/#primaryimage\"},\"thumbnailUrl\":\"https:\\\/\\\/laterale-residences.com\\\/wp-content\\\/uploads\\\/2022\\\/05\\\/Laterale-Residences-Domaine-Eblin-Fuchs-Zellenberg.jpg\",\"datePublished\":\"2022-05-15T15:52:56+00:00\",\"dateModified\":\"2022-05-29T10:34:13+00:00\",\"breadcrumb\":{\"@id\":\"https:\\\/\\\/laterale-residences.com\\\/da\\\/domaene-eblin-fuchs\\\/#breadcrumb\"},\"inLanguage\":\"da-DK\",\"potentialAction\":[{\"@type\":\"ReadAction\",\"target\":[\"https:\\\/\\\/laterale-residences.com\\\/da\\\/domaene-eblin-fuchs\\\/\"]}]},{\"@type\":\"ImageObject\",\"inLanguage\":\"da-DK\",\"@id\":\"https:\\\/\\\/laterale-residences.com\\\/da\\\/domaene-eblin-fuchs\\\/#primaryimage\",\"url\":\"https:\\\/\\\/laterale-residences.com\\\/wp-content\\\/uploads\\\/2022\\\/05\\\/Laterale-Residences-Domaine-Eblin-Fuchs-Zellenberg.jpg\",\"contentUrl\":\"https:\\\/\\\/laterale-residences.com\\\/wp-content\\\/uploads\\\/2022\\\/05\\\/Laterale-Residences-Domaine-Eblin-Fuchs-Zellenberg.jpg\",\"width\":768,\"height\":489},{\"@type\":\"BreadcrumbList\",\"@id\":\"https:\\\/\\\/laterale-residences.com\\\/da\\\/domaene-eblin-fuchs\\\/#breadcrumb\",\"itemListElement\":[{\"@type\":\"ListItem\",\"position\":1,\"name\":\"Accueil\",\"item\":\"https:\\\/\\\/laterale-residences.com\\\/da\\\/hjemmeside\\\/\"},{\"@type\":\"ListItem\",\"position\":2,\"name\":\"Dom\u00e6ne EBLIN FUCHS\"}]},{\"@type\":\"WebSite\",\"@id\":\"https:\\\/\\\/laterale-residences.com\\\/da\\\/#website\",\"url\":\"https:\\\/\\\/laterale-residences.com\\\/da\\\/\",\"name\":\"Laterale Residences\",\"description\":\"Appartements Vacances Riquewihr sur la route des vins d&#039;Alsace\",\"publisher\":{\"@id\":\"https:\\\/\\\/laterale-residences.com\\\/da\\\/#organization\"},\"potentialAction\":[{\"@type\":\"SearchAction\",\"target\":{\"@type\":\"EntryPoint\",\"urlTemplate\":\"https:\\\/\\\/laterale-residences.com\\\/da\\\/?s={search_term_string}\"},\"query-input\":{\"@type\":\"PropertyValueSpecification\",\"valueRequired\":true,\"valueName\":\"search_term_string\"}}],\"inLanguage\":\"da-DK\"},{\"@type\":\"Organization\",\"@id\":\"https:\\\/\\\/laterale-residences.com\\\/da\\\/#organization\",\"name\":\"Laterale Residences\",\"url\":\"https:\\\/\\\/laterale-residences.com\\\/da\\\/\",\"logo\":{\"@type\":\"ImageObject\",\"inLanguage\":\"da-DK\",\"@id\":\"https:\\\/\\\/laterale-residences.com\\\/da\\\/#\\\/schema\\\/logo\\\/image\\\/\",\"url\":\"https:\\\/\\\/laterale-residences.com\\\/wp-content\\\/uploads\\\/2021\\\/07\\\/logo_laterale_residences_etoiles.png\",\"contentUrl\":\"https:\\\/\\\/laterale-residences.com\\\/wp-content\\\/uploads\\\/2021\\\/07\\\/logo_laterale_residences_etoiles.png\",\"width\":600,\"height\":600,\"caption\":\"Laterale Residences\"},\"image\":{\"@id\":\"https:\\\/\\\/laterale-residences.com\\\/da\\\/#\\\/schema\\\/logo\\\/image\\\/\"}},{\"@type\":\"Person\",\"@id\":\"https:\\\/\\\/laterale-residences.com\\\/da\\\/#\\\/schema\\\/person\\\/e059e7fbfe09a1de4a5070385ec9fce4\",\"name\":\"contact@laterale-residences.com\",\"image\":{\"@type\":\"ImageObject\",\"inLanguage\":\"da-DK\",\"@id\":\"https:\\\/\\\/secure.gravatar.com\\\/avatar\\\/2c6c46f89a7f510c694de34f653d75e6ce9a2782a83b3663358d125500655620?s=96&d=mm&r=g\",\"url\":\"https:\\\/\\\/secure.gravatar.com\\\/avatar\\\/2c6c46f89a7f510c694de34f653d75e6ce9a2782a83b3663358d125500655620?s=96&d=mm&r=g\",\"contentUrl\":\"https:\\\/\\\/secure.gravatar.com\\\/avatar\\\/2c6c46f89a7f510c694de34f653d75e6ce9a2782a83b3663358d125500655620?s=96&d=mm&r=g\",\"caption\":\"contact@laterale-residences.com\"},\"sameAs\":[\"https:\\\/\\\/laterale-residences.com\"],\"worksFor\":\"LATERALE RESIDENCES sarl\",\"url\":\"https:\\\/\\\/laterale-residences.com\\\/da\\\/author\\\/contactlaterale-residences-com\\\/\"}]}<\/script>\n<!-- \/ Yoast SEO Premium plugin. -->","yoast_head_json":{"title":"Dom\u00e6ne EBLIN FUCHS - Laterale Residences","robots":{"index":"index","follow":"follow","max-snippet":"max-snippet:-1","max-image-preview":"max-image-preview:large","max-video-preview":"max-video-preview:-1"},"canonical":"https:\/\/laterale-residences.com\/da\/domaene-eblin-fuchs\/","og_locale":"da_DK","og_type":"article","og_title":"Dom\u00e6ne EBLIN FUCHS","og_description":"Zellenberg - Domaine EBLIN FUCHS Resultatet af alliancen mellem to familier af vinb\u00f8nder i 1956, har ving\u00e5rden v\u00e6ret biodynamisk siden 2000'erne, dette arbejde forts\u00e6tter i samme \u00e5nd i k\u00e6lderen. Udelukkende manuel h\u00f8st, presning af hele druer, g\u00e6ring med hjemmeh\u00f8rende g\u00e6r p\u00e5 egetr\u00e6sfade og et par m\u00e5neders hvile p\u00e5 fin b\u00e6rme, sikrer en produktion af naturlig stabilitet og h\u00f8j kvalitet.","og_url":"https:\/\/laterale-residences.com\/da\/domaene-eblin-fuchs\/","og_site_name":"Laterale Residences","article_published_time":"2022-05-15T15:52:56+00:00","article_modified_time":"2022-05-29T10:34:13+00:00","og_image":[{"width":768,"height":489,"url":"https:\/\/laterale-residences.com\/wp-content\/uploads\/2022\/05\/Laterale-Residences-Domaine-Eblin-Fuchs-Zellenberg.jpg","type":"image\/jpeg"}],"author":"contact@laterale-residences.com","twitter_card":"summary_large_image","twitter_misc":{"Skrevet af":"contact@laterale-residences.com","Estimeret l\u00e6setid":"1 minut"},"schema":{"@context":"https:\/\/schema.org","@graph":[{"@type":"Article","@id":"https:\/\/laterale-residences.com\/da\/domaene-eblin-fuchs\/#article","isPartOf":{"@id":"https:\/\/laterale-residences.com\/da\/domaene-eblin-fuchs\/"},"author":{"name":"contact@laterale-residences.com","@id":"https:\/\/laterale-residences.com\/da\/#\/schema\/person\/e059e7fbfe09a1de4a5070385ec9fce4"},"headline":"Dom\u00e6ne EBLIN FUCHS","datePublished":"2022-05-15T15:52:56+00:00","dateModified":"2022-05-29T10:34:13+00:00","mainEntityOfPage":{"@id":"https:\/\/laterale-residences.com\/da\/domaene-eblin-fuchs\/"},"wordCount":235,"publisher":{"@id":"https:\/\/laterale-residences.com\/da\/#organization"},"image":{"@id":"https:\/\/laterale-residences.com\/da\/domaene-eblin-fuchs\/#primaryimage"},"thumbnailUrl":"https:\/\/laterale-residences.com\/wp-content\/uploads\/2022\/05\/Laterale-Residences-Domaine-Eblin-Fuchs-Zellenberg.jpg","articleSection":["Vin turisme","Vinb\u00f8nder"],"inLanguage":"da-DK"},{"@type":"WebPage","@id":"https:\/\/laterale-residences.com\/da\/domaene-eblin-fuchs\/","url":"https:\/\/laterale-residences.com\/da\/domaene-eblin-fuchs\/","name":"Dom\u00e6ne EBLIN FUCHS - Laterale Residences","isPartOf":{"@id":"https:\/\/laterale-residences.com\/da\/#website"},"primaryImageOfPage":{"@id":"https:\/\/laterale-residences.com\/da\/domaene-eblin-fuchs\/#primaryimage"},"image":{"@id":"https:\/\/laterale-residences.com\/da\/domaene-eblin-fuchs\/#primaryimage"},"thumbnailUrl":"https:\/\/laterale-residences.com\/wp-content\/uploads\/2022\/05\/Laterale-Residences-Domaine-Eblin-Fuchs-Zellenberg.jpg","datePublished":"2022-05-15T15:52:56+00:00","dateModified":"2022-05-29T10:34:13+00:00","breadcrumb":{"@id":"https:\/\/laterale-residences.com\/da\/domaene-eblin-fuchs\/#breadcrumb"},"inLanguage":"da-DK","potentialAction":[{"@type":"ReadAction","target":["https:\/\/laterale-residences.com\/da\/domaene-eblin-fuchs\/"]}]},{"@type":"ImageObject","inLanguage":"da-DK","@id":"https:\/\/laterale-residences.com\/da\/domaene-eblin-fuchs\/#primaryimage","url":"https:\/\/laterale-residences.com\/wp-content\/uploads\/2022\/05\/Laterale-Residences-Domaine-Eblin-Fuchs-Zellenberg.jpg","contentUrl":"https:\/\/laterale-residences.com\/wp-content\/uploads\/2022\/05\/Laterale-Residences-Domaine-Eblin-Fuchs-Zellenberg.jpg","width":768,"height":489},{"@type":"BreadcrumbList","@id":"https:\/\/laterale-residences.com\/da\/domaene-eblin-fuchs\/#breadcrumb","itemListElement":[{"@type":"ListItem","position":1,"name":"Accueil","item":"https:\/\/laterale-residences.com\/da\/hjemmeside\/"},{"@type":"ListItem","position":2,"name":"Dom\u00e6ne EBLIN FUCHS"}]},{"@type":"WebSite","@id":"https:\/\/laterale-residences.com\/da\/#website","url":"https:\/\/laterale-residences.com\/da\/","name":"Laterale Residences","description":"Appartements Vacances Riquewihr sur la route des vins d&#039;Alsace","publisher":{"@id":"https:\/\/laterale-residences.com\/da\/#organization"},"potentialAction":[{"@type":"SearchAction","target":{"@type":"EntryPoint","urlTemplate":"https:\/\/laterale-residences.com\/da\/?s={search_term_string}"},"query-input":{"@type":"PropertyValueSpecification","valueRequired":true,"valueName":"search_term_string"}}],"inLanguage":"da-DK"},{"@type":"Organization","@id":"https:\/\/laterale-residences.com\/da\/#organization","name":"Laterale Residences","url":"https:\/\/laterale-residences.com\/da\/","logo":{"@type":"ImageObject","inLanguage":"da-DK","@id":"https:\/\/laterale-residences.com\/da\/#\/schema\/logo\/image\/","url":"https:\/\/laterale-residences.com\/wp-content\/uploads\/2021\/07\/logo_laterale_residences_etoiles.png","contentUrl":"https:\/\/laterale-residences.com\/wp-content\/uploads\/2021\/07\/logo_laterale_residences_etoiles.png","width":600,"height":600,"caption":"Laterale Residences"},"image":{"@id":"https:\/\/laterale-residences.com\/da\/#\/schema\/logo\/image\/"}},{"@type":"Person","@id":"https:\/\/laterale-residences.com\/da\/#\/schema\/person\/e059e7fbfe09a1de4a5070385ec9fce4","name":"contact@laterale-residences.com","image":{"@type":"ImageObject","inLanguage":"da-DK","@id":"https:\/\/secure.gravatar.com\/avatar\/2c6c46f89a7f510c694de34f653d75e6ce9a2782a83b3663358d125500655620?s=96&d=mm&r=g","url":"https:\/\/secure.gravatar.com\/avatar\/2c6c46f89a7f510c694de34f653d75e6ce9a2782a83b3663358d125500655620?s=96&d=mm&r=g","contentUrl":"https:\/\/secure.gravatar.com\/avatar\/2c6c46f89a7f510c694de34f653d75e6ce9a2782a83b3663358d125500655620?s=96&d=mm&r=g","caption":"contact@laterale-residences.com"},"sameAs":["https:\/\/laterale-residences.com"],"worksFor":"LATERALE RESIDENCES sarl","url":"https:\/\/laterale-residences.com\/da\/author\/contactlaterale-residences-com\/"}]}},"_links":{"self":[{"href":"https:\/\/laterale-residences.com\/da\/wp-json\/wp\/v2\/posts\/12638","targetHints":{"allow":["GET"]}}],"collection":[{"href":"https:\/\/laterale-residences.com\/da\/wp-json\/wp\/v2\/posts"}],"about":[{"href":"https:\/\/laterale-residences.com\/da\/wp-json\/wp\/v2\/types\/post"}],"author":[{"embeddable":true,"href":"https:\/\/laterale-residences.com\/da\/wp-json\/wp\/v2\/users\/1"}],"replies":[{"embeddable":true,"href":"https:\/\/laterale-residences.com\/da\/wp-json\/wp\/v2\/comments?post=12638"}],"version-history":[{"count":3,"href":"https:\/\/laterale-residences.com\/da\/wp-json\/wp\/v2\/posts\/12638\/revisions"}],"predecessor-version":[{"id":13361,"href":"https:\/\/laterale-residences.com\/da\/wp-json\/wp\/v2\/posts\/12638\/revisions\/13361"}],"wp:featuredmedia":[{"embeddable":true,"href":"https:\/\/laterale-residences.com\/da\/wp-json\/wp\/v2\/media\/12604"}],"wp:attachment":[{"href":"https:\/\/laterale-residences.com\/da\/wp-json\/wp\/v2\/media?parent=12638"}],"wp:term":[{"taxonomy":"category","embeddable":true,"href":"https:\/\/laterale-residences.com\/da\/wp-json\/wp\/v2\/categories?post=12638"},{"taxonomy":"post_tag","embeddable":true,"href":"https:\/\/laterale-residences.com\/da\/wp-json\/wp\/v2\/tags?post=12638"}],"curies":[{"name":"wp","href":"https:\/\/api.w.org\/{rel}","templated":true}]}}